{"id":66641,"date":"2017-08-17T07:09:07","date_gmt":"2017-08-17T10:09:07","guid":{"rendered":"http:\/\/argentinamunicipal.com.ar\/argentina\/?p=66641"},"modified":"2017-08-17T07:09:07","modified_gmt":"2017-08-17T10:09:07","slug":"la-cgt-se-pone-marcha-ajuste","status":"publish","type":"post","link":"http:\/\/argentinamunicipal.com.ar\/argentina\/la-cgt-se-pone-marcha-ajuste\/","title":{"rendered":"La CGT se pone en marcha contra el ajuste"},"content":{"rendered":"<p>Si bien la movilizaci\u00f3n fue confirmada, la posibilidad de que haya un paro parece cada vez m\u00e1s lejana. El consejo directivo de la CGT defini\u00f3 que tomar\u00e1 una decisi\u00f3n al respecto en una reuni\u00f3n que no se realizar\u00e1 antes de mediados de septiembre.<\/p>\n<p>La CGT se movilizar\u00e1 el pr\u00f3ximo martes 22 pero la posibilidad de convocar a un paro nacional qued\u00f3 postergada para una reuni\u00f3n que, con suerte, se concretar\u00e1 a mediados de septiembre. La ratificaci\u00f3n de la marcha se logr\u00f3 ayer luego de una trabajosa y debatida reuni\u00f3n del consejo directivo de la central obrera. El resultado de las primarias no estuvo ausente en el an\u00e1lisis de los sindicalistas. Por caso, el triunviro Juan Carlos Schmid dijo que las PASO pasaron pero \u201clos problemas contin\u00faan y se deben resolver\u201d.<\/p>\n<p>Al decir de unos de los participantes la reuni\u00f3n \u201cfue picante\u201d. Y es que al encuentro el consejo directivo lleg\u00f3 dividido. Por un lado los gordos e independientes y, por el otro, el moyanismo. Los diferenciaba la realizaci\u00f3n de la movilizaci\u00f3n. Los primeros consideraban que no estaban dadas las condiciones para realizarla despu\u00e9s del resultado de las elecciones primarias. En rigor, si al Gobierno hubiesen obtenido un traspi\u00e9 electoral tambi\u00e9n habr\u00edan propuesto la suspensi\u00f3n. Los segundos, los sindicalistas que giran alrededor de Hugo Moyano, insistieron en la necesidad de concretarla. La balanza se inclin\u00f3 hacia la realizaci\u00f3n de la marcha luego de que Andr\u00e9s Rodr\u00edguez de UPCN quebrara el bloque de gordos e independientes al mostrarse a favor de la marcha.<\/p>\n<p>Cuando culmin\u00f3 el c\u00f3nclave los triunviros, Schmid, Carlos Acu\u00f1a y H\u00e9ctor Daer dieron una conferencia de prensa. Serio y un tanto molesto, Schmid anunci\u00f3 que \u201cluego de un intenso debate\u201d la marcha se confirmaba y, como se estila en los cumplea\u00f1os infantiles, dijo que comenzar\u00e1 a las 15 y finalizar\u00e1 a las 17, con el discurso de uno de los triunviros \u201ca designar\u201d. Luego agreg\u00f3 que \u201cla CGT y todos sus gremios confederados marchar\u00e1n hacia la Plaza de Mayo en reclamo de respuestas satisfactorias a su agenda hist\u00f3rica. Tambi\u00e9n participar\u00e1n las centrales de los Trabajadores de la Argentina y Aut\u00f3noma, los movimientos sociales y otros sectores\u201d.<\/p>\n<p>Cuando les preguntaron sobre la existencia de diferencias internas que podr\u00edan derivar en una posible fractura, tom\u00f3 la palabra Daer. \u201cLa ruptura no est\u00e1 en la cabeza de nadie\u201d, dijo pero el rostro de Schmid no se afloj\u00f3.<\/p>\n<p>Luego lleg\u00f3 el momento de analizar el resultado electoral. Daer sostuvo que \u201cel Gobierno puede sentirse respaldado pero no hay que olvidar que m\u00e1s del 60 por ciento de la poblaci\u00f3n no los acompa\u00f1\u00f3\u201d. Ah\u00ed tom\u00f3 el micr\u00f3fono Acu\u00f1a para completar: \u201cPueden sentirse apoyados pero si no hay respuesta a los reclamos de los trabajadores, a los desempleados, a las Pymes y a la industria nacional, todo cae en saco roto.\u201d Cuando se quiso saber sobre la posibilidad de una convocatoria al paro, que tanto hab\u00eda pregonado Pablo Moyano, tom\u00f3 la palabra Schmid para decir que eso es potestad del Comit\u00e9 Central Confederal (CCC) que se reunir\u00e1 reci\u00e9n el 20 de septiembre pr\u00f3ximo.<\/p>\n<p>Si los triunviros mostraron rostros adustos fue por el clima que tuvo la reuni\u00f3n previa. El primer cruce se dio entre Schmid y Daer porque el primero dijo que s\u00f3lo se iba a discutir sobre la movilizaci\u00f3n. El titular del gremio de Sanidad se opuso asegurando que era preciso poder discutir con amplitud y sin limitaciones, y, de paso, critic\u00f3 la actitud de \u00a0Moyano hijo que semanas atr\u00e1s hab\u00eda convocado a un plenario de delegados nacionales para este viernes que fue r\u00e1pidamente desactivado. El secretario adjunto de Camioneros consider\u00f3 que lo hizo porque hab\u00eda que tomar la iniciativa ante la situaci\u00f3n econ\u00f3mica. \u201cHay que ser org\u00e1nico y no hacer cosas por la propia porque si\u201d, le retruc\u00f3 Francisco \u201cBarba\u201d Guti\u00e9rrez que, a la saz\u00f3n, es a quien le cabe la responsabilidad de hacer ese tipo de convocatorias. Moyano hijo quiso responder pero lo interrumpi\u00f3 Armando Cavalieri para decirle que tiene que \u201cconfiar m\u00e1s en los compa\u00f1eros\u201d. Eso descomprimi\u00f3 un tanto la reuni\u00f3n porque el veterano dirigente de Comercio les advirti\u00f3 que es preciso mantener la unidad ya que \u201ca partir de ahora y hasta octubre la grieta que promueve el Gobierno ser\u00e1 con nosotros\u201d.<\/p>\n<p>Acordada la movilizaci\u00f3n y superada por ahora cualquier intento de fractura interna, la decisi\u00f3n de que el CCC se realizar\u00e1 reci\u00e9n en septiembre permite entrever que la posibilidad de que la CGT llame a un paro antes de las elecciones de octubre es casi nula.<\/p>\n<p>M\u00e1s all\u00e1 de estos hechos, la marcha contar\u00e1 adem\u00e1s con la participaci\u00f3n de la Corriente Federal, la Confederaci\u00f3n de Trabajadores de la Econom\u00eda Popular, Barrios de Pie y Corriente Clasista y Combativa. Los que todav\u00eda no resolvieron son los gremios que integran el Movimiento de Acci\u00f3n Sindical Argentino (MASA) y que reci\u00e9n hoy se reunir\u00e1n para tomar una decisi\u00f3n.<\/p>\n<h6>Fuente: P\u00e1gina 12<\/h6>\n","protected":false},"excerpt":{"rendered":"<p>Si bien la movilizaci\u00f3n fue confirmada, la posibilidad de que haya un paro parece cada vez m\u00e1s lejana. El consejo directivo de la CGT defini\u00f3 que tomar\u00e1 una decisi\u00f3n al respecto en una reuni\u00f3n que no se realizar\u00e1 antes de mediados de septiembre.<\/p>\n","protected":false},"author":2,"featured_media":66642,"comment_status":"closed","ping_status":"closed","sticky":false,"template":"","format":"standard","meta":{"footnotes":""},"categories":[8],"tags":[21],"class_list":["post-66641","post","type-post","status-publish","format-standard","has-post-thumbnail","hentry","category-informe-nacional","tag-argentina"],"_links":{"self":[{"href":"http:\/\/argentinamunicipal.com.ar\/argentina\/wp-json\/wp\/v2\/posts\/66641","targetHints":{"allow":["GET"]}}],"collection":[{"href":"http:\/\/argentinamunicipal.com.ar\/argentina\/wp-json\/wp\/v2\/posts"}],"about":[{"href":"http:\/\/argentinamunicipal.com.ar\/argentina\/wp-json\/wp\/v2\/types\/post"}],"author":[{"embeddable":true,"href":"http:\/\/argentinamunicipal.com.ar\/argentina\/wp-json\/wp\/v2\/users\/2"}],"replies":[{"embeddable":true,"href":"http:\/\/argentinamunicipal.com.ar\/argentina\/wp-json\/wp\/v2\/comments?post=66641"}],"version-history":[{"count":0,"href":"http:\/\/argentinamunicipal.com.ar\/argentina\/wp-json\/wp\/v2\/posts\/66641\/revisions"}],"wp:featuredmedia":[{"embeddable":true,"href":"http:\/\/argentinamunicipal.com.ar\/argentina\/wp-json\/wp\/v2\/media\/66642"}],"wp:attachment":[{"href":"http:\/\/argentinamunicipal.com.ar\/argentina\/wp-json\/wp\/v2\/media?parent=66641"}],"wp:term":[{"taxonomy":"category","embeddable":true,"href":"http:\/\/argentinamunicipal.com.ar\/argentina\/wp-json\/wp\/v2\/categories?post=66641"},{"taxonomy":"post_tag","embeddable":true,"href":"http:\/\/argentinamunicipal.com.ar\/argentina\/wp-json\/wp\/v2\/tags?post=66641"}],"curies":[{"name":"wp","href":"https:\/\/api.w.org\/{rel}","templated":true}]}}