{"id":66644,"date":"2017-08-17T07:24:04","date_gmt":"2017-08-17T10:24:04","guid":{"rendered":"http:\/\/argentinamunicipal.com.ar\/argentina\/?p=66644"},"modified":"2017-08-17T07:24:04","modified_gmt":"2017-08-17T10:24:04","slug":"venado-tuerto-empleados-una-fabrica-hallaron-la-planta-cerrada","status":"publish","type":"post","link":"http:\/\/argentinamunicipal.com.ar\/argentina\/venado-tuerto-empleados-una-fabrica-hallaron-la-planta-cerrada\/","title":{"rendered":"Venado Tuerto: empleados de una f\u00e1brica hallaron la planta cerrada"},"content":{"rendered":"<p>Es la empresa de botiquines Marinelli, que ven\u00eda en crisis. Adelantaron vacaciones al personal para no acumular m\u00e1s deudas<\/p>\n<p>La emblem\u00e1tica f\u00e1brica venadense de botiquines Marinelli adelant\u00f3 las vacaciones a sus casi 30 empleados en relaci\u00f3n directa por la baja en la venta de sus productos como consecuencia de la ca\u00edda generalizada en el consumo.La empresa, con m\u00e1s de 50 a\u00f1os de trayectoria y reconocida a nivel nacional, est\u00e1 ubicada en el parque industrial La Victoria, a unos cinco kil\u00f3metros del centro urbano de Venado Tuerto. En la diversidad de producci\u00f3n que fabrica Marinelli hay realidades diferentes, aunque todas son cr\u00edticas. Pero donde m\u00e1s se estar\u00eda sintiendo la apertura de las importaciones es en los asientos de inodoros que vienen de Asia a precios altamente competitivos. Al menos eso fue lo que se argument\u00f3 en su momento, cuando la empreza comenz\u00f3 un proceso de crisis.<\/p>\n<p>Extraoficialmente se sabe, ya que su due\u00f1o no quiso hablar con ning\u00fan medio, que el adelanto de vacaciones es por no poder afrontar los pagos de la quincena y para \u00abno seguir endeud\u00e1ndose\u00bb, seg\u00fan una fuente cercana a la empresa. Marinelli no ser\u00eda la \u00fanica del parque industrial que est\u00e1 atravesando una compleja situaci\u00f3n, aunque por obvias razones no trascienden los nombres de las otras.<\/p>\n<p>Lo cierto es que algunos operarios se hallaron ayer a la ma\u00f1ana con un candado en la puerta y la planta cerrada. Los empleados que fueron a trabajar no esperaban encontrarse con esta noticia. Y ante ese escenario, reclaman una explicaci\u00f3n ante lo que sospechan, puede ser la antesala de la p\u00e9rdida de sus fuentes de trabajo. .<\/p>\n<p>Es que Botiquines Marinelli tiene 30 empleados contratados y adem\u00e1s otros diez que trabajaban indirectamente, como algunos viajantes o comisionistas que realizaban tr\u00e1mites o fletes con mercader\u00eda para la empresa.<\/p>\n<p>Juan Carlos y Salvador son dos viajantes que ayer se desayunaron la amarga noticia del cierre sin previo aviso de las instalaciones de la firma, que si bien ven\u00eda atravesando problemas econ\u00f3micos desde hac\u00eda m\u00e1s de dos a\u00f1os, ayer termin\u00f3 por bajar las persianas y dejar al personal sin entrar a trabajar.<\/p>\n<p>Tras no poder ingresar, un grupo de empleados se dirigi\u00f3 a la Secretar\u00eda de Trabajo de la provincia, para intentar arribar a una soluci\u00f3n ante la posibilidad de un despido masivo de parte de la firma. Desde la patronal el silencio es total y esperan, aunque con pocas chances, poder reabrir en 15 d\u00edas la f\u00e1brica o al menos juntar el dinero suficiente para cancelar los sueldos atrasados de algunos empleados a los que se les adeuda (en algunos casos) hasta tres meses.<\/p>\n<p>Seg\u00fan comentaron algunos trabajadores, desde hace tres meses se les adeuda el sueldo m\u00e1s las comisiones. \u00abEs algo que jam\u00e1s hab\u00eda ocurrido, lo cual da a entender la situaci\u00f3n en la que est\u00e1 la empresa\u00bb, afirmaron al programa Dos en la Ciudad de la radio p\u00fablica de Venado Tuerto.<\/p>\n<p><strong>Crisis<\/strong><\/p>\n<p>En septiembre de 2016 este diario public\u00f3 una nota en donde allegados a la firma Botiquines Marinelli SRL expresaban su preocupaci\u00f3n por la importaci\u00f3n de productos que estar\u00eda atentando directamente contra la producci\u00f3n nacional, y en este caso de su propia empresa que produce botiquines, vanitorys, sanitarios, muebles de madera para ba\u00f1os y tapas de inodoros.<\/p>\n<p>En aquel momento, no se descartaban suspensiones de personal o disminuci\u00f3n de horas de trabajo en las semanas venideras como consecuencia de la baja en la producci\u00f3n y la falta de ventas. Sin embargo decidieron mantener el plantel laboral ya que muchos de los empleados eran como de la familia y se conoc\u00edan entre s\u00ed desde hac\u00eda muchos a\u00f1os.<\/p>\n<p>Hoy la realidad indica que es casi imposible de mantener a los empleados con los sueldos al d\u00eda y los propietarios tomaron la medida dr\u00e1stica de adelantar vacaciones, aunque los propios trabajadores reconocen que las ventas se cayeron estrepitosamente y que de seguir as\u00ed la cosa \u00abes raro que pueda reabrir sus puertas o trabajar como lo hac\u00edamos hace unos a\u00f1os\u00bb. As\u00ed lo manifest\u00f3 un empleado visiblemente acongojado que pidi\u00f3 estricta reserva de su identidad.<\/p>\n<h6>Fuente: La Capital Rosario<\/h6>\n","protected":false},"excerpt":{"rendered":"<p>Es la empresa de botiquines Marinelli, que ven\u00eda en crisis. Adelantaron vacaciones al personal para no acumular m\u00e1s deudas<\/p>\n","protected":false},"author":2,"featured_media":66645,"comment_status":"closed","ping_status":"closed","sticky":false,"template":"","format":"standard","meta":{"footnotes":""},"categories":[2],"tags":[10],"class_list":["post-66644","post","type-post","status-publish","format-standard","has-post-thumbnail","hentry","category-informe-municipal","tag-santa-fe"],"_links":{"self":[{"href":"http:\/\/argentinamunicipal.com.ar\/argentina\/wp-json\/wp\/v2\/posts\/66644","targetHints":{"allow":["GET"]}}],"collection":[{"href":"http:\/\/argentinamunicipal.com.ar\/argentina\/wp-json\/wp\/v2\/posts"}],"about":[{"href":"http:\/\/argentinamunicipal.com.ar\/argentina\/wp-json\/wp\/v2\/types\/post"}],"author":[{"embeddable":true,"href":"http:\/\/argentinamunicipal.com.ar\/argentina\/wp-json\/wp\/v2\/users\/2"}],"replies":[{"embeddable":true,"href":"http:\/\/argentinamunicipal.com.ar\/argentina\/wp-json\/wp\/v2\/comments?post=66644"}],"version-history":[{"count":0,"href":"http:\/\/argentinamunicipal.com.ar\/argentina\/wp-json\/wp\/v2\/posts\/66644\/revisions"}],"wp:featuredmedia":[{"embeddable":true,"href":"http:\/\/argentinamunicipal.com.ar\/argentina\/wp-json\/wp\/v2\/media\/66645"}],"wp:attachment":[{"href":"http:\/\/argentinamunicipal.com.ar\/argentina\/wp-json\/wp\/v2\/media?parent=66644"}],"wp:term":[{"taxonomy":"category","embeddable":true,"href":"http:\/\/argentinamunicipal.com.ar\/argentina\/wp-json\/wp\/v2\/categories?post=66644"},{"taxonomy":"post_tag","embeddable":true,"href":"http:\/\/argentinamunicipal.com.ar\/argentina\/wp-json\/wp\/v2\/tags?post=66644"}],"curies":[{"name":"wp","href":"https:\/\/api.w.org\/{rel}","templated":true}]}}