{"id":66668,"date":"2017-08-17T05:56:11","date_gmt":"2017-08-17T08:56:11","guid":{"rendered":"http:\/\/argentinamunicipal.com.ar\/argentina\/?p=66668"},"modified":"2017-08-17T07:59:28","modified_gmt":"2017-08-17T10:59:28","slug":"la-municipalidad-entregara-20-motocarros-familias-paranaenses","status":"publish","type":"post","link":"http:\/\/argentinamunicipal.com.ar\/argentina\/la-municipalidad-entregara-20-motocarros-familias-paranaenses\/","title":{"rendered":"La Municipalidad entregar\u00e1 20 motocarros a familias paranaenses"},"content":{"rendered":"<p>En el marco del programa Recuperadores de Derechos de la Municipalidad de Paran\u00e1, este viernes a las 10, en la Casa de la Costa, se realizar\u00e1 la entrega de 20 motocarros a recuperadores de residuos de la ciudad.<\/p>\n<p>La acci\u00f3n se enmarca en el programa Recuperadores de Derechos que se puso en marcha en el 2013 y actualmente se encuentra a cargo de las secretar\u00edas General y de Derechos Humanos; y Desarrollo Social del municipio.<\/p>\n<p>Destacaron que \u201cEsta asistencia se enmarca en el programa Recuperadores de Derechos, establecido por la Ordenanza Municipal 1212\/92, que proh\u00edbe la circulaci\u00f3n de carros con tracci\u00f3n a sangre en el ejido urbano\u201d.<\/p>\n<p>Afirmaron que \u201cla comuna se encuentra trabajando para erradicar este modo de circulaci\u00f3n en la ciudad y en este caso beneficiar\u00e1 a 20 ciudadanos, quienes deber\u00e1n entregar los equinos, previamente supervisados por Salud Animal a trav\u00e9s de un An\u00e1lisis de Anemia Infecciosa Equina (AIE)\u201d.<\/p>\n<p>Los adjudicatarios son capacitados por la Direcci\u00f3n de Educaci\u00f3n y Seguridad Vial del municipio, en conjunto a la Agencia Nacional de Seguridad Vial.<\/p>\n<p>EL PROGRAMA. Eduardo Solari, secretario General y de Derechos Humanos, destac\u00f3 que \u201cdespu\u00e9s de un intenso trabajo del equipo de Recuperadores de Derechos, vamos a entregar 20 motocarros, que nos va a permitir beneficiar a familias paranaenses. Estas acciones se suman a un plan de alfabetizaci\u00f3n que promueve la dedicaci\u00f3n de los ciudadanos a otros trabajos, con la idea firme de que puedan dar un salto de calidad en su vida mediante la educaci\u00f3n y lograr sortear estos niveles altos de marginalidad que existen en la ciudad y que antes se escond\u00edan. Ahora se les busca una soluci\u00f3n\u201d.<\/p>\n<p>A su vez, inform\u00f3 que en septiembre se entregar\u00e1n 20 motocarros m\u00e1s y que el objetivo del municipio es \u201ccumplir con la Ordenanza de tracci\u00f3n a sangre que indica que el 1 de enero 2018 se finalice con este modo de circulaci\u00f3n. Se est\u00e1 trabajando de manera tal de lograr llegar a los primeros meses del a\u00f1o con tracci\u00f3n a sangre nula en la ciudad y que cada familia encuentre soluci\u00f3n a sus problemas diarios\u201d.<\/p>\n<p>Por otra parte, el funcionario garantiz\u00f3 que \u201cen poco tiempo no habr\u00e1 carros con caballos en la ciudad y de esta manera solucionaremos, con esta y otras medidas que se toman a nivel municipal y nacional, la pobreza en el pa\u00eds\u201d, cerr\u00f3.<\/p>\n<p><strong>Caballos recuperados<\/strong><\/p>\n<p>Desde el municipio informaron que fue reacondicionado el espacio donde se alojan los caballos recuperados en el marco del Programa, dentro del predio del Parque Bot\u00e1nico, ubicado en el Acceso Norte. Las tareas est\u00e1n a cargo de agentes municipales de diferentes \u00e1reas.<\/p>\n<p>En el predio se alojan los equinos en recuperaci\u00f3n. Desde la Direcci\u00f3n General de Salud Animal se precis\u00f3 que las tareas comprenden la reparaci\u00f3n y ampliaci\u00f3n de los corrales, reemplazo de los cercos y construcci\u00f3n de un tinglado de 12 por cuatro metros para amparar a los animales ante las inclemencias meteorol\u00f3gicas.<\/p>\n<p>Asimismo, se\u00f1alaron que \u201cse adquirieron dos tranqueras y se instalar\u00e1 un nuevo corral de espera, alejado del resto, para alojar a los caballos reci\u00e9n ingresados que a\u00fan no tienen resultados de Anemia Infecciosa Equina\u201d. Mientras, se dispondr\u00e1 un tercer espacio cerrado para yeguas en gestaci\u00f3n a punto de parir y se tramita la adquisici\u00f3n de nuevos bebederos.<\/p>\n<p>Por otra parte, explicaron, \u201cen todo el per\u00edmetro se colocaron boyeros con alarmas para mayor seguridad, estableci\u00e9ndose que habr\u00e1 una casilla con personal policial apostado las 24 horas, siendo ubicada en un extremo de la zona de corrales\u201d.<\/p>\n<h6>Fuente: El Diario<\/h6>\n","protected":false},"excerpt":{"rendered":"<p>En el marco del programa Recuperadores de Derechos de la Municipalidad de Paran\u00e1, este viernes a las 10, en la Casa de la Costa, se realizar\u00e1 la entrega de 20 motocarros a recuperadores de residuos de la ciudad.<\/p>\n","protected":false},"author":2,"featured_media":66669,"comment_status":"closed","ping_status":"closed","sticky":false,"template":"","format":"standard","meta":{"footnotes":""},"categories":[2],"tags":[17],"class_list":["post-66668","post","type-post","status-publish","format-standard","has-post-thumbnail","hentry","category-informe-municipal","tag-entre-rios"],"_links":{"self":[{"href":"http:\/\/argentinamunicipal.com.ar\/argentina\/wp-json\/wp\/v2\/posts\/66668","targetHints":{"allow":["GET"]}}],"collection":[{"href":"http:\/\/argentinamunicipal.com.ar\/argentina\/wp-json\/wp\/v2\/posts"}],"about":[{"href":"http:\/\/argentinamunicipal.com.ar\/argentina\/wp-json\/wp\/v2\/types\/post"}],"author":[{"embeddable":true,"href":"http:\/\/argentinamunicipal.com.ar\/argentina\/wp-json\/wp\/v2\/users\/2"}],"replies":[{"embeddable":true,"href":"http:\/\/argentinamunicipal.com.ar\/argentina\/wp-json\/wp\/v2\/comments?post=66668"}],"version-history":[{"count":0,"href":"http:\/\/argentinamunicipal.com.ar\/argentina\/wp-json\/wp\/v2\/posts\/66668\/revisions"}],"wp:featuredmedia":[{"embeddable":true,"href":"http:\/\/argentinamunicipal.com.ar\/argentina\/wp-json\/wp\/v2\/media\/66669"}],"wp:attachment":[{"href":"http:\/\/argentinamunicipal.com.ar\/argentina\/wp-json\/wp\/v2\/media?parent=66668"}],"wp:term":[{"taxonomy":"category","embeddable":true,"href":"http:\/\/argentinamunicipal.com.ar\/argentina\/wp-json\/wp\/v2\/categories?post=66668"},{"taxonomy":"post_tag","embeddable":true,"href":"http:\/\/argentinamunicipal.com.ar\/argentina\/wp-json\/wp\/v2\/tags?post=66668"}],"curies":[{"name":"wp","href":"https:\/\/api.w.org\/{rel}","templated":true}]}}