{"id":66686,"date":"2017-08-17T05:26:19","date_gmt":"2017-08-17T08:26:19","guid":{"rendered":"http:\/\/argentinamunicipal.com.ar\/argentina\/?p=66686"},"modified":"2017-08-17T08:28:15","modified_gmt":"2017-08-17T11:28:15","slug":"muchas-chicanas-ninguna-respuesta","status":"publish","type":"post","link":"http:\/\/argentinamunicipal.com.ar\/argentina\/muchas-chicanas-ninguna-respuesta\/","title":{"rendered":"Con muchas chicanas pero ninguna respuesta"},"content":{"rendered":"<p>La ministra mantuvo varios cruces con los senadores. Defendi\u00f3 a la Gendarmer\u00eda, dijo no saber siquiera si el artesano hab\u00eda estado en el lugar y responsabiliz\u00f3 al juez y los familiares por las demoras en la investigaci\u00f3n.<\/p>\n<p>Luego de pegar el faltazo la semana pasada a la Comisi\u00f3n de Derechos Humanos de la C\u00e1mara de Diputados, la ministra de Seguridad, Patricia Bullrich, finalmente se present\u00f3 en el Congreso para responder sobre la desaparici\u00f3n de Santiago Maldonado. Lo hizo ante los senadores y en la Comisi\u00f3n de Seguridad. El cambio por un escenario m\u00e1s reducido y amistoso, sin embargo, no le alcanz\u00f3 para evitar los cuestionamientos y varios contrapuntos con legisladores opositores como Nancy Gonz\u00e1lez, Norma Durango, Ruperto Godoy y Virginia Garc\u00eda, entre otros. Lejos de hacerse cargo de la situaci\u00f3n, Bullrich hizo un alegato pol\u00edtico, defendi\u00f3 a la Gendarmer\u00eda pese a que varios testigos indicaron que fueron los responsables del secuestro y deslind\u00f3 responsabilidades en la familia y la justicia. \u201c\u00bfPor qu\u00e9 el gobierno no asume esta responsabilidad de ponerse al frente de esta investigaci\u00f3n para que terminemos con esta historia y que \u00a0aparezca Santiago Maldonado con vida?\u201d, la inquiri\u00f3 Godoy, quien protagoniz\u00f3 uno de los cruces m\u00e1s duros.<\/p>\n<p>A m\u00e1s de quince d\u00edas de la desaparici\u00f3n de Maldonado, la ministra de Seguridad ratific\u00f3 la l\u00ednea discursiva que ensay\u00f3 el gobierno desde que el caso tom\u00f3 estado p\u00fablico. Al momento de iniciar la reuni\u00f3n presidida por la senadora Sigrid Kunath (FpV-PJ, Entre R\u00edos), Bullrich dio la versi\u00f3n oficial sobre algunos hechos y asegur\u00f3 que no manejaban ninguna hip\u00f3tesis principal sobre el paradero del joven. \u201cTodas las hip\u00f3tesis est\u00e1n abiertas\u201d, afirm\u00f3. Por momentos intent\u00f3 enmarcar el caso como una m\u00e1s de los cinco mil desapariciones que se registran actualmente en argentina. \u201cEl juez hasta ahora no ha catalogado la causa como desaparici\u00f3n forzada de personas\u201d, afirm\u00f3. Ante las reiteradas preguntas de los senadores, ensay\u00f3 siempre la misma cerrada defensa de la fuerza de seguridad se\u00f1alada por testigos de la comunidad mapuche como responsable del secuestro. Sostuvo que los uniformados que participaron del operativo son \u201cpersonas respetadas y queridas en la zona\u201d.<\/p>\n<p>El primero en iniciar las consultas fue el chubutense Mario Pais (FpV-PJ), quien remarc\u00f3 que miembros de la comunidad del Lof Cushamen, precisaron que hubo persecuci\u00f3n, hubo apresamiento de Maldonado, golpes e introducci\u00f3n en un veh\u00edculo de las fuerzas de seguridad, que era la \u00fanica fuerza de seguridad que estaba interviniendo, la Gendarmer\u00eda Nacional. La sesi\u00f3n comenz\u00f3 a subir de tono cuando intervino la pampeana Norma Durango (PJ-FpV) quien tambi\u00e9n pregunt\u00f3 por la Gendarmer\u00eda y por las medidas que se hab\u00edan tomado con los responsables del operativo. \u00a0La senadora tambi\u00e9n cuestion\u00f3 la designaci\u00f3n de Pablo Noceti como jefe de Gabinete del Ministerio. \u201cVengo de La Pampa, se\u00f1ora ministra. Y s\u00e9 que el se\u00f1or Noceti fue el defensor de conspicuos y condenados miembros de \u00a0la subzona 14, como fueron Fabio Lidiar y N\u00e9stor Crepi\u201d, acusados de delitos de lesa humanidad.<\/p>\n<p>Exaltada, Bullrich desarroll\u00f3 su defensa pol\u00edtica de la actuaci\u00f3n de los gendarmes. \u201cNo voy a hacer la injusticia de querer tirar un gendarme por la ventana. Prefiero como ministra asumir la responsabilidad y dejar que la Justicia investigue\u201d, afirm\u00f3, subiendo el tono. \u201cNecesito a esa instituci\u00f3n para todo lo que estamos haciendo \u2013continu\u00f3\u2013, para la tarea de fondo que est\u00e1 haciendo este gobierno. Si lo primero que hacemos es tirarle la responsabilidad al gendarme, acusarlo previamente, y echarle solo por el hecho de una presi\u00f3n medi\u00e1tica, ser\u00eda una mala ministra de Seguridad.\u201d A este punto, Bullrich exclam\u00f3 sacando pecho: \u201c\u00a1Me la banco yo! \u00bfSaben por qu\u00e9? Porque eso siempre es lo que ha pasado en el pa\u00eds\u201d.<\/p>\n<p>Inmediatamente despu\u00e9s defendi\u00f3 a Noceti, quien la hab\u00eda asesorado cuando era diputada nacional y lanz\u00f3 una chicana para el kirchnerismo. \u201cMuchas personas de nuestra comunidad han tenido situaciones previas con la dictadura militar, como fue (Ra\u00fal) Zaffaroni, que fue juez en la dictadura y todos lo bancamos como juez de la Corte Suprema. Alicia Kirchner fue funcionaria de la dictadura en Santa Cruz, y todos permitimos que vivan en democracia. Midamos a todos con la misma vara\u201d, sostuvo la ministra desviando el tema.<\/p>\n<p>Durante otra respuesta, Bullrich busc\u00f3 desarrollar un hecho de violencia cometido presuntamente por el grupo Resistencia Ansestral Mapuche (RAM), lo que fue cuestionado por varios senadores como un intento de asociar a toda la comunidad mapuche con acciones agresivas. \u201cEst\u00e1n todos los elementos como para pensar que hay una desaparici\u00f3n forzada. La estigmatizaci\u00f3n y demonizaci\u00f3n de la comunidad mapuche. Se los asocia al terrorismo. Se dice que son enemigos de la patria. Se plantea que son separatistas, que quieren constituir una rep\u00fablica. Todos estos argumentos que ustedes han esgrimido, desde el presidente para abajo. El presidente ha dicho que es un grupo violento y que est\u00e1 medio lejano a las cuestiones democr\u00e1ticas. \u00bfEsto sabe a qu\u00e9 me hace acordar? A cuando desaparec\u00eda alguien y se dec\u00eda: \u2018por algo ser\u00e1\u2019. Esa triste frase. \u2018Por algo ser\u00e1\u2019\u201d, asegur\u00f3 Godoy, que mantuvo reiterados cruces con la ministra. La funcionaria actu\u00f3 ofendida por la comparaci\u00f3n y neg\u00f3 cualquier<\/p>\n<p>A su turno, la chubutense Nancy Gonz\u00e1lez la cuestion\u00f3 por la demora en encontrar el domicilio donde viv\u00eda Maldonado. \u201cEl Bols\u00f3n no es una ciudad donde viven millones de habitantes, es un pueblo donde se conoce todo el mundo. Que pasen 10 d\u00edas para poder localizar el domicilio de Maldonado, realmente, es sospechoso. Tal vez no quer\u00edan encontrar el domicilio y no que no sab\u00edan d\u00f3nde vive\u201d, advirti\u00f3 la senadora. La ministra no hizo m\u00e1s que decir que ella estuvo muy preocupada y que insisti\u00f3 diariamente en que se localizara la vivienda. Adem\u00e1s, neg\u00f3 que las camionetas utilizada por las fuerzas de seguridad hubieran sido lavada para borrar rastros. \u201cSi las camionetas hubieran sido lavadas o violadas en sus precintos, el juez no hubiera realizado los peritajes porque hubiera considerado que no eran v\u00e1lidas las pruebas\u201d, argument\u00f3.<\/p>\n<h6>Fuente: p\u00e1gina 12<\/h6>\n","protected":false},"excerpt":{"rendered":"<p>La ministra mantuvo varios cruces con los senadores. Defendi\u00f3 a la Gendarmer\u00eda, dijo no saber siquiera si el artesano hab\u00eda estado en el lugar y responsabiliz\u00f3 al juez y los familiares por las demoras en la investigaci\u00f3n.<\/p>\n","protected":false},"author":2,"featured_media":66687,"comment_status":"closed","ping_status":"closed","sticky":false,"template":"","format":"standard","meta":{"footnotes":""},"categories":[8],"tags":[21],"class_list":["post-66686","post","type-post","status-publish","format-standard","has-post-thumbnail","hentry","category-informe-nacional","tag-argentina"],"_links":{"self":[{"href":"http:\/\/argentinamunicipal.com.ar\/argentina\/wp-json\/wp\/v2\/posts\/66686","targetHints":{"allow":["GET"]}}],"collection":[{"href":"http:\/\/argentinamunicipal.com.ar\/argentina\/wp-json\/wp\/v2\/posts"}],"about":[{"href":"http:\/\/argentinamunicipal.com.ar\/argentina\/wp-json\/wp\/v2\/types\/post"}],"author":[{"embeddable":true,"href":"http:\/\/argentinamunicipal.com.ar\/argentina\/wp-json\/wp\/v2\/users\/2"}],"replies":[{"embeddable":true,"href":"http:\/\/argentinamunicipal.com.ar\/argentina\/wp-json\/wp\/v2\/comments?post=66686"}],"version-history":[{"count":0,"href":"http:\/\/argentinamunicipal.com.ar\/argentina\/wp-json\/wp\/v2\/posts\/66686\/revisions"}],"wp:featuredmedia":[{"embeddable":true,"href":"http:\/\/argentinamunicipal.com.ar\/argentina\/wp-json\/wp\/v2\/media\/66687"}],"wp:attachment":[{"href":"http:\/\/argentinamunicipal.com.ar\/argentina\/wp-json\/wp\/v2\/media?parent=66686"}],"wp:term":[{"taxonomy":"category","embeddable":true,"href":"http:\/\/argentinamunicipal.com.ar\/argentina\/wp-json\/wp\/v2\/categories?post=66686"},{"taxonomy":"post_tag","embeddable":true,"href":"http:\/\/argentinamunicipal.com.ar\/argentina\/wp-json\/wp\/v2\/tags?post=66686"}],"curies":[{"name":"wp","href":"https:\/\/api.w.org\/{rel}","templated":true}]}}