{"id":66699,"date":"2017-08-18T07:09:17","date_gmt":"2017-08-18T10:09:17","guid":{"rendered":"http:\/\/argentinamunicipal.com.ar\/argentina\/?p=66699"},"modified":"2017-08-18T07:09:17","modified_gmt":"2017-08-18T10:09:17","slug":"inundaciones-bolivar-los-productores-le-pasaron-factura-bucca-la-eleccion-inaccion","status":"publish","type":"post","link":"http:\/\/argentinamunicipal.com.ar\/argentina\/inundaciones-bolivar-los-productores-le-pasaron-factura-bucca-la-eleccion-inaccion\/","title":{"rendered":"Inundaciones en Bol\u00edvar: Los productores le pasaron factura a Bucca en la elecci\u00f3n por su inacci\u00f3n"},"content":{"rendered":"<p>El territorio comandado por el intendente de esa localidad y candidato a diputado nacional por Cumplir atraviesa una grave situaci\u00f3n: el 70% de los campos se encuentra bajo el agua. Ante la dram\u00e1tica realidad, los productores aseguraron que el randazzista brilla por su ausencia a la hora de buscar una soluci\u00f3n. Los afectados le hicieron saber en las urnas al jefe comunal su descontento.<\/p>\n<p>La estrepitosa derrota de Eduardo \u201cBali\u201d Bucca en su territorio en las PASO del domingo encuentra una de sus respuestas en la forma que lleva adelante su gesti\u00f3n. Es que Bol\u00edvar atraviesa una dram\u00e1tica situaci\u00f3n en el marco de las inundaciones que azotan a los campos de esa localidad. Los productores buscan soluciones en las autoridades pero hasta el momento la respuesta no llega y apuntan sus ca\u00f1ones a la responsabilidad del jefe comunal.<\/p>\n<p>Tan grave es el panorama que de las 500 mil hect\u00e1reas donde hay espacio para la producci\u00f3n, el 70% se encuentra bajo el agua. La desesperaci\u00f3n se apodera de los propietarios que intentan distintas alternativas para evitar mayores inconvenientes y sin embargo no alcanza.<\/p>\n<p>Durante este a\u00f1o la medida anual ya fue superada: en abril alcanz\u00f3 el promedio anual de 900 a 1000 mil\u00edmetros y luego cayeron 300 m\u00e1s. Adem\u00e1s de las lluvias, all\u00ed tienen ingreso de agua del r\u00edo V por vertientes y desde las lagunas Encadenadas del oeste v\u00eda cinco arroyos que llegan hasta otro arroyo, llamado Vallimanca, que pasa a 22 kil\u00f3metros del casco urbano. La l\u00ednea de cota del Vallimanca est\u00e1, seg\u00fan describi\u00f3 la productora ganadera Laura Hern\u00e1ndez, entre 1,30 y 6 metros por encima del nivel del pueblo. Bol\u00edvar es una zona baja.<\/p>\n<p>A trav\u00e9s de una publicaci\u00f3n del matutino La Naci\u00f3n, se dio a conocer un video que difundi\u00f3 el programa y revista Conciencia Rural. En el mismo se observa que en la zona rural de Urdampilleta, la situaci\u00f3n es desoladora. Productores junto a los animales pelean para buscar un lugar seguro.<\/p>\n<h6>Fuente: InfoCielo<\/h6>\n","protected":false},"excerpt":{"rendered":"<p>El territorio comandado por el intendente de esa localidad y candidato a diputado nacional por Cumplir atraviesa una grave situaci\u00f3n: el 70% de los campos se encuentra bajo el agua.<\/p>\n","protected":false},"author":2,"featured_media":66700,"comment_status":"closed","ping_status":"closed","sticky":false,"template":"","format":"standard","meta":{"footnotes":""},"categories":[2],"tags":[12],"class_list":["post-66699","post","type-post","status-publish","format-standard","has-post-thumbnail","hentry","category-informe-municipal","tag-buenos-aires"],"_links":{"self":[{"href":"http:\/\/argentinamunicipal.com.ar\/argentina\/wp-json\/wp\/v2\/posts\/66699","targetHints":{"allow":["GET"]}}],"collection":[{"href":"http:\/\/argentinamunicipal.com.ar\/argentina\/wp-json\/wp\/v2\/posts"}],"about":[{"href":"http:\/\/argentinamunicipal.com.ar\/argentina\/wp-json\/wp\/v2\/types\/post"}],"author":[{"embeddable":true,"href":"http:\/\/argentinamunicipal.com.ar\/argentina\/wp-json\/wp\/v2\/users\/2"}],"replies":[{"embeddable":true,"href":"http:\/\/argentinamunicipal.com.ar\/argentina\/wp-json\/wp\/v2\/comments?post=66699"}],"version-history":[{"count":0,"href":"http:\/\/argentinamunicipal.com.ar\/argentina\/wp-json\/wp\/v2\/posts\/66699\/revisions"}],"wp:featuredmedia":[{"embeddable":true,"href":"http:\/\/argentinamunicipal.com.ar\/argentina\/wp-json\/wp\/v2\/media\/66700"}],"wp:attachment":[{"href":"http:\/\/argentinamunicipal.com.ar\/argentina\/wp-json\/wp\/v2\/media?parent=66699"}],"wp:term":[{"taxonomy":"category","embeddable":true,"href":"http:\/\/argentinamunicipal.com.ar\/argentina\/wp-json\/wp\/v2\/categories?post=66699"},{"taxonomy":"post_tag","embeddable":true,"href":"http:\/\/argentinamunicipal.com.ar\/argentina\/wp-json\/wp\/v2\/tags?post=66699"}],"curies":[{"name":"wp","href":"https:\/\/api.w.org\/{rel}","templated":true}]}}