{"id":66712,"date":"2017-08-18T04:26:18","date_gmt":"2017-08-18T07:26:18","guid":{"rendered":"http:\/\/argentinamunicipal.com.ar\/argentina\/?p=66712"},"modified":"2017-08-18T07:30:27","modified_gmt":"2017-08-18T10:30:27","slug":"serrano-comienza-desarrollar-ambicioso-plan-habitacional","status":"publish","type":"post","link":"http:\/\/argentinamunicipal.com.ar\/argentina\/serrano-comienza-desarrollar-ambicioso-plan-habitacional\/","title":{"rendered":"Serrano comienza a desarrollar su ambicioso plan habitacional"},"content":{"rendered":"<p>Tras adquirir un predio y lotearlo, la Municipalidad vendi\u00f3 223 terrenos donde familias de la localidad comenzar\u00e1n a levantar sus casas. El gobierno local y la Cooperativa El\u00e9ctrica aportaron los servicios<\/p>\n<p>En el marco de la fiesta patronal, la Municipalidad de esta localidad dej\u00f3 inaugurado el sistema de agua potable en el predio donde se desarrollar\u00e1 un ambicioso programa habitacional que prev\u00e9 la construcci\u00f3n de m\u00e1s de 200 viviendas.<\/p>\n<p>El intendente Gabriel Rodr\u00edguez Martina destac\u00f3 la importancia de este proyecto con el cual se cumple con una de las promesas de su gesti\u00f3n, la de brindarles la posibilidad a familias de la localidad de acceder a la vivienda propia. Para ello el Municipio adquiri\u00f3 un importante predio que fue loteado y al que se est\u00e1n llevando los servicios b\u00e1sicos.<\/p>\n<p>La administraci\u00f3n de Martina fija sus bases de gesti\u00f3n sobre las tres \u201cT\u201d: Tierra, Trabajo y Techo.<\/p>\n<p>El predio situado en la zona oeste corresponde al programa \u201cProyecto Viviendas del Centenario ProViCe I\u201d. Para ejecutar esta iniciativa el Municipio invirti\u00f3 en la compra de una quinta de 10 hect\u00e1reas, y el a\u00f1o pasado el obispo de la Di\u00f3cesis de R\u00edo Cuarto, Adolfo Uriona, bendijo este espacio.<\/p>\n<p>De este predio se obtuvieron 223 terrenos que fueron vendidos.\u00a0 \u201cComienza ahora una segunda etapa que es la de construcci\u00f3n. Algunos de los vecinos encarar\u00e1n la obra de manera particular; a otros los acompa\u00f1aremos desde la Municipalidad para que obtengan cr\u00e9ditos hipotecarios poni\u00e9ndolos en contacto con los bancos de la Naci\u00f3n y C\u00f3rdoba. Pero adem\u00e1s haremos viviendas sociales en algunos de los terrenos que hemos solicitado en la Secretar\u00eda de Vivienda de la Naci\u00f3n\u201d, precis\u00f3 el mandatario.<\/p>\n<p>Rodr\u00edguez Martina resalt\u00f3 el rol laboral de muchas personas que ofrecieron sus servicios para que la obra comience a tomar forma. As\u00ed, mencion\u00f3 la tarea de los empleados de la Cooperativa que se encargaron de realizar las zanjas y el tendido posterior de los ca\u00f1os para proveer a este sector el servicio de agua. La obra insumi\u00f3 una inversi\u00f3n en materiales de\u00a0 757.709 pesos. Por su parte, el tendido el\u00e9ctrico signific\u00f3 una erogaci\u00f3n de 2.507.000 pesos, realizada por la Cooperativa de Servicios P\u00fablicos y Sociales de Serrano Limitada. Todos los trabajos de preparaci\u00f3n fueron realizados con mano de obra local.<\/p>\n<p>Al mismo tiempo se present\u00f3 el modelo de base para las conexiones domiciliarias de electricidad. Tambi\u00e9n Rodr\u00edguez Martina extendi\u00f3 su agradecimiento a los empleados municipales, quienes dejaron el predio en \u00f3ptimas condiciones, con sus calles demarcadas para lo que ser\u00e1 el futuro barrio.<\/p>\n<p>El pr\u00f3ximo 2 de septiembre, fecha del 96\u00ba aniversario Serrano, se har\u00e1 entrega de las primeras 48 escrituras a los flamantes propietarios de las parcelas ya demarcadas y con los servicios para iniciar las construcciones.<\/p>\n<p><strong>Entrega de fondos<\/strong><\/p>\n<p>Como parte de los actos organizados el martes, tambi\u00e9n el intendente\u00a0 Rodr\u00edguez Martina inform\u00f3 sobre la recepci\u00f3n de fondos de parte de la Provincia para la restauraci\u00f3n del Cine Teatro H\u00e9ctor Chanferoni.<\/p>\n<p>Se trata de $ 300 mil provenientes del Fondo para Obras Complementarias, y fueron entregados por el intendente al responsable y juez de Paz, Aldo Lamberti.<\/p>\n<p>Cabe recordar que esta hist\u00f3rica sala sufri\u00f3 el a\u00f1o pasado un grave incendio que da\u00f1\u00f3 las butacas, el escenario y las cortinas. Fue con la ayuda de los vecinos que comenz\u00f3 la limpieza del espacio, y qued\u00f3 para una segunda etapa la reconstrucci\u00f3n. Debido a los altos costos que insume esta tarea es que la Provincia viene ayudando con partidas de dinero.<\/p>\n<p>En el marco de los festejos patronales tambi\u00e9n se hizo una feria de platos a total beneficio del teatro. El intendente remarc\u00f3 el rol del cura p\u00e1rroco Sergio Fern\u00e1ndez, quien permiti\u00f3 la realizaci\u00f3n de esta feria en un d\u00eda tan importante como es la fiesta patronal.<\/p>\n<p>El mandatario municipal adelant\u00f3 adem\u00e1s que se trabajar\u00e1 para que el a\u00f1o que viene para esta fecha se pueda reinaugurar este espacio cultural. \u201cVamos a realizar una velada art\u00edstica el 14 de agosto del a\u00f1o que viene\u201d, prometi\u00f3.<\/p>\n<p>Por otra parte, tambi\u00e9n la Municipalidad recibi\u00f3 $1,2 mill\u00f3n del Fondo Permanente de Desarrollo Urbano II que ser\u00e1 destinado a la construcci\u00f3n de cord\u00f3n cuneta.<\/p>\n<p>La intendencia tiene la intenci\u00f3n de que, antes de concluir su mandato el actual jefe municipal, la totalidad de las calles de Serrano tengan cord\u00f3n cuneta.<\/p>\n<p>Cabe recordar que el pueblo presenta su acceso totalmente pavimentado por el cual la Provincia invirti\u00f3 alrededor de $ 7.400.000. El titular del Municipio precis\u00f3 que ya que estaban las m\u00e1quinas y, con mucha gesti\u00f3n, se ha logrado que la avenida central sea repavimentada desde la ruta 27 hasta las v\u00edas del ferrocarril.<\/p>\n<h6>Fuente: Puntal<\/h6>\n","protected":false},"excerpt":{"rendered":"<p>Tras adquirir un predio y lotearlo, la Municipalidad vendi\u00f3 223 terrenos donde familias de la localidad comenzar\u00e1n a levantar sus casas. El gobierno local y la Cooperativa El\u00e9ctrica aportaron los servicios<\/p>\n","protected":false},"author":2,"featured_media":66713,"comment_status":"closed","ping_status":"closed","sticky":false,"template":"","format":"standard","meta":{"footnotes":""},"categories":[2],"tags":[3],"class_list":["post-66712","post","type-post","status-publish","format-standard","has-post-thumbnail","hentry","category-informe-municipal","tag-cordoba"],"_links":{"self":[{"href":"http:\/\/argentinamunicipal.com.ar\/argentina\/wp-json\/wp\/v2\/posts\/66712","targetHints":{"allow":["GET"]}}],"collection":[{"href":"http:\/\/argentinamunicipal.com.ar\/argentina\/wp-json\/wp\/v2\/posts"}],"about":[{"href":"http:\/\/argentinamunicipal.com.ar\/argentina\/wp-json\/wp\/v2\/types\/post"}],"author":[{"embeddable":true,"href":"http:\/\/argentinamunicipal.com.ar\/argentina\/wp-json\/wp\/v2\/users\/2"}],"replies":[{"embeddable":true,"href":"http:\/\/argentinamunicipal.com.ar\/argentina\/wp-json\/wp\/v2\/comments?post=66712"}],"version-history":[{"count":0,"href":"http:\/\/argentinamunicipal.com.ar\/argentina\/wp-json\/wp\/v2\/posts\/66712\/revisions"}],"wp:featuredmedia":[{"embeddable":true,"href":"http:\/\/argentinamunicipal.com.ar\/argentina\/wp-json\/wp\/v2\/media\/66713"}],"wp:attachment":[{"href":"http:\/\/argentinamunicipal.com.ar\/argentina\/wp-json\/wp\/v2\/media?parent=66712"}],"wp:term":[{"taxonomy":"category","embeddable":true,"href":"http:\/\/argentinamunicipal.com.ar\/argentina\/wp-json\/wp\/v2\/categories?post=66712"},{"taxonomy":"post_tag","embeddable":true,"href":"http:\/\/argentinamunicipal.com.ar\/argentina\/wp-json\/wp\/v2\/tags?post=66712"}],"curies":[{"name":"wp","href":"https:\/\/api.w.org\/{rel}","templated":true}]}}