{"id":66718,"date":"2017-08-18T07:38:56","date_gmt":"2017-08-18T10:38:56","guid":{"rendered":"http:\/\/argentinamunicipal.com.ar\/argentina\/?p=66718"},"modified":"2017-08-18T07:38:56","modified_gmt":"2017-08-18T10:38:56","slug":"se-cae-otra-mentira-la-prueba-desmiente-bullrich-la-desaparicion-santiago","status":"publish","type":"post","link":"http:\/\/argentinamunicipal.com.ar\/argentina\/se-cae-otra-mentira-la-prueba-desmiente-bullrich-la-desaparicion-santiago\/","title":{"rendered":"Se cae otra mentira: la prueba que desmiente a Bullrich sobre la desaparici\u00f3n de Santiago"},"content":{"rendered":"<p>La ministra intent\u00f3 hoy en el Congreso cargar sobre quienes reclaman por Santiago Maldonado la responsabilidad por la demora en iniciar su b\u00fasqueda. Un documento la vuelve a dejar mal parada.<\/p>\n<p>Una de las estrategias del gobierno para continuar sin hacerse cargo de la desaparici\u00f3n de Santiago Maldonado es culpar a quienes reclaman por su aparici\u00f3n\u00a0de no haber hecho la denuncia desde el primer momento.<\/p>\n<p>Sin embargo, las constancias que obran en el expediente judicial dicen lo contrario: no solo\u00a0el primer h\u00e1beas corpus fue presentado por la Comisi\u00f3n Provincial por la Memoria apenas unas horas despu\u00e9s\u00a0de que fuera capturado y llevado por Gendarmer\u00eda, sino que\u00a0adem\u00e1s, ese mismo d\u00eda hubo una declaraci\u00f3n judicial\u00a0de una testigo.<\/p>\n<p>La tom\u00f3 aquel martes 1 de agosto por la tarde el defensor oficial Jorge Fernando Machado en la lof de Cushamen.\u00a0La testigo es una pobladora del lugar, cuya identidad se mantiene en reserva. En esa declaraci\u00f3n, refut\u00f3 por anticipado todos los relatos que el Gobierno intenta imponer para evadir la responsabilidad por la desaparici\u00f3n de Santiago.<\/p>\n<p>El sitio del diario Tiempo Argentino revel\u00f3 en exclusiva\u00a0el registro de su testimonio, que desde hace m\u00e1s de dos semanas est\u00e1 incorporado al expediente, pese a que la ministra Patricia Bullrich intenta ocultarlo.<\/p>\n<p>Esta es la transcripci\u00f3n:\u00a0\u201cInterrogada sobre los acontecimientos acaecidos en horas de la ma\u00f1ana, expresando que alrededor de las 11.00 hs. Se encontraba junto a su hijo, su hija mayor y su nietito, irrumpiendo personal de Gendarmer\u00eda (alrededor de 40). Se escuchaban disparos. Es as\u00ed que entre la confusi\u00f3n llama a los menores para que ingresen a la morada (a la guardia) por los tiros, quedando su hija afuera, se oyen ruidos y gritos de un masculino a lo que la deponente le dice que se calmara que hab\u00eda ni\u00f1os, el masculino ingres\u00f3 y empuj\u00f3 a su hija, revolvi\u00f3 el lugar, el masculino gritaba e impart\u00eda \u00f3rdenes, diciendo \u201cb\u00fasquenlos\u201d, \u201cbusquen\u201d, encarg\u00e1ndose ella de los ni\u00f1os, parec\u00eda que buscaban armas, drogas, buscaban cualquier cosa; y empiezan a prender fuego una carpa con sillas, diferentes muebles y elementos personales cuyos rastros se observan a simple vista, desarmaron otra carpa, la levantaron y quemaron. Que la compareciente protegi\u00f3 a los ni\u00f1os. Que un compa (Santiago Veloso o Peloso \u2013N de la R: a\u00fan no se sab\u00eda el apellido de la v\u00edctima) creyendo que se encuentra detenido, que uno de los integrantes de lof vio cuando lo llevaban detenido. Que los episodios de violencia son frecuentes y los mismos han ocurrido con la presencia de los ni\u00f1os (por lo menos en tres oportunidades) que estos hechos repercuten negativamente en los menores. Es su deseo de que no interrogue a los ni\u00f1os a fin de no reinstalar aspectos traum\u00e1ticos. Se deja constancia de que teniendo a la vista a los mismos, no revelan lesiones tangibles. Los mismos concurren a la escuela del paraje (Lago pueblo), donde vive la declarante, aqu\u00ed vive su hija. Acto seguido se la interroga respecto a lo sucedido, quien manifiesta que concuerda plenamente con los dichos de su madre y que su hijo no sea interrogado por los mismos motivos. Que desean acompa\u00f1ar en prueba de sus dichos y que revelan la violencia materializada por Gendarmer\u00eda tres (3) vainas servidas cuya leyenda reza \u201cantimot\u00edn\u201d 70 mm. Y una (1) sin percutar, las que fueron halladas dentro del predio. Con lo que no siendo para m\u00e1s se da por finalizado el acto\u201d.<\/p>\n<h6>Fuente: infoNews<\/h6>\n","protected":false},"excerpt":{"rendered":"<p>La ministra intent\u00f3 hoy en el Congreso cargar sobre quienes reclaman por Santiago Maldonado la responsabilidad por la demora en iniciar su b\u00fasqueda. Un documento la vuelve a dejar mal parada.<\/p>\n","protected":false},"author":2,"featured_media":66719,"comment_status":"closed","ping_status":"closed","sticky":false,"template":"","format":"standard","meta":{"footnotes":""},"categories":[8],"tags":[21],"class_list":["post-66718","post","type-post","status-publish","format-standard","has-post-thumbnail","hentry","category-informe-nacional","tag-argentina"],"_links":{"self":[{"href":"http:\/\/argentinamunicipal.com.ar\/argentina\/wp-json\/wp\/v2\/posts\/66718","targetHints":{"allow":["GET"]}}],"collection":[{"href":"http:\/\/argentinamunicipal.com.ar\/argentina\/wp-json\/wp\/v2\/posts"}],"about":[{"href":"http:\/\/argentinamunicipal.com.ar\/argentina\/wp-json\/wp\/v2\/types\/post"}],"author":[{"embeddable":true,"href":"http:\/\/argentinamunicipal.com.ar\/argentina\/wp-json\/wp\/v2\/users\/2"}],"replies":[{"embeddable":true,"href":"http:\/\/argentinamunicipal.com.ar\/argentina\/wp-json\/wp\/v2\/comments?post=66718"}],"version-history":[{"count":0,"href":"http:\/\/argentinamunicipal.com.ar\/argentina\/wp-json\/wp\/v2\/posts\/66718\/revisions"}],"wp:featuredmedia":[{"embeddable":true,"href":"http:\/\/argentinamunicipal.com.ar\/argentina\/wp-json\/wp\/v2\/media\/66719"}],"wp:attachment":[{"href":"http:\/\/argentinamunicipal.com.ar\/argentina\/wp-json\/wp\/v2\/media?parent=66718"}],"wp:term":[{"taxonomy":"category","embeddable":true,"href":"http:\/\/argentinamunicipal.com.ar\/argentina\/wp-json\/wp\/v2\/categories?post=66718"},{"taxonomy":"post_tag","embeddable":true,"href":"http:\/\/argentinamunicipal.com.ar\/argentina\/wp-json\/wp\/v2\/tags?post=66718"}],"curies":[{"name":"wp","href":"https:\/\/api.w.org\/{rel}","templated":true}]}}