{"id":66733,"date":"2017-08-18T08:11:51","date_gmt":"2017-08-18T11:11:51","guid":{"rendered":"http:\/\/argentinamunicipal.com.ar\/argentina\/?p=66733"},"modified":"2017-08-18T08:11:51","modified_gmt":"2017-08-18T11:11:51","slug":"cambiemos-perdio-13-las-24-provincias-argentinas","status":"publish","type":"post","link":"http:\/\/argentinamunicipal.com.ar\/argentina\/cambiemos-perdio-13-las-24-provincias-argentinas\/","title":{"rendered":"Cambiemos perdi\u00f3 en 13 de las 24 provincias Argentinas\u00a0"},"content":{"rendered":"<p>Luego de que Esteban Bullrich reconociera p\u00fablicamente la posible derrota frente a Cristina Kirchner en Buenos Aires, suman 13 las provincias argentinas donde perdi\u00f3 el partido de Mauricio Macri \u2022 El justicialismo no s\u00f3lo se quedar\u00eda con ese distrito clave, sino tambi\u00e9n con la provincia de Santa Fe donde se impuso Agust\u00edn Rossi<\/p>\n<p>Pese a lo que indicaron los primeros guarismos en el conteo de votos del pasado domingo, este martes el primer candidato a senador por la provincia de Buenos Aires de Cambiemos, Esteban Bullrich reconoci\u00f3 que en el escrutinio definitivo podr\u00edan quedar \u201cunos votos abajo\u201d de Cristina Kirchner. Con ese distrito en manos de la oposici\u00f3n, suman 13 las provincias que perdi\u00f3 el partido gobernante que incluyen, adem\u00e1s del nombrado, a Catamarca, Chaco, Chubut, Formosa, La Rioja, Misiones, R\u00edo Negro, Salta, Santa Fe, Santiago del Estero, Tucum\u00e1n y Tierra del Fuego.<\/p>\n<p><strong>Detalle<\/strong><\/p>\n<p>Ciudad Aut\u00f3noma de Buenos Aires<\/p>\n<p>Cambiemos: 49,55%<\/p>\n<p>Justicialismo: 20,73%<\/p>\n<p>Catamarca<\/p>\n<p>Cambiemos: 36,40%<\/p>\n<p>Justicialismo: 46,70%<\/p>\n<p>C\u00f3rdoba:<\/p>\n<p>Cambiemos: 44,51%<\/p>\n<p>Justicialismo: 28,58%<\/p>\n<p>Corrientes<\/p>\n<p>Cambiemos: 45,44%<\/p>\n<p>Justicialismo: 34,66%<\/p>\n<p>Chaco<\/p>\n<p>Cambiemos: 37,20%<\/p>\n<p>Justicialismo: 43,74%<\/p>\n<p>Chubut<\/p>\n<p>Cambiemos: 25,72%<\/p>\n<p>Justicialismo: 32,95%<\/p>\n<p>Chubut para todos 26,93%<\/p>\n<p>Entre R\u00edos<\/p>\n<p>Cambiemos: 47,72%<\/p>\n<p>Justicialismo: 42,09%<\/p>\n<p>Formosa<\/p>\n<p>Cambiemos: 35,28%<\/p>\n<p>Justicialismo: 56,57%<\/p>\n<p>Jujuy<\/p>\n<p>Cambiemos: 35,82%<\/p>\n<p>Justicialismo: 29,81%<\/p>\n<p>La Pampa<\/p>\n<p>Cambiemos: 49,21%<\/p>\n<p>Justicialismo: 38,51%<\/p>\n<p>La Rioja<\/p>\n<p>Cambiemos: 32,41%<\/p>\n<p>Justicialismo: 43,51%<\/p>\n<p>Mendoza<\/p>\n<p>Cambiemos: 41,07%<\/p>\n<p>Justicialismo: 33,20%<\/p>\n<p>Misiones<\/p>\n<p>Cambiemos: 28,75%<\/p>\n<p>Frente Renovador de la Concordia: 40,53%<\/p>\n<p>Neuqu\u00e9n<\/p>\n<p>Cambiemos: 24,57%<\/p>\n<p>Movimiento Popular Neuquino: 22,30%<\/p>\n<p>Unidad Ciudadana para la Victoria: 17,63%<\/p>\n<p>R\u00edo Negro<\/p>\n<p>Cambiemos: 19,27%<\/p>\n<p>Justicialismo: 40,77%<\/p>\n<p>Salta:<\/p>\n<p>Cambiemos: 24,22%<\/p>\n<p>Justicialismo (Frente Unidad y Renovaci\u00f3n): 37,96%<\/p>\n<p>San Juan<\/p>\n<p>Cambiemos: 48,82%<\/p>\n<p>Justicialismo: 29,98%<\/p>\n<p>San Luis<\/p>\n<p>Cambiemos: 54,82%<\/p>\n<p>Justicialismo: 37,25%<\/p>\n<p>Santa Cruz<\/p>\n<p>Cambiemos: 45,87%<\/p>\n<p>Justicialismo: 29,10%<\/p>\n<p>Santa Fe<\/p>\n<p>Cambiemos: 27,13%<\/p>\n<p>Justicialismo: 27,87%<\/p>\n<p>Santiago del Estero<\/p>\n<p>Cambiemos: 16,13%<\/p>\n<p>Justicialismo: 66,07%<\/p>\n<p>Tucum\u00e1n<\/p>\n<p>Cambiemos: 30,87%<\/p>\n<p>Justicialismo: 52,36%<\/p>\n<p>Tierra del Fuego<\/p>\n<p>Cambiemos: 19,46%<\/p>\n<p>Justicialismo: 21,23%<\/p>\n<h6>Fuente: APFDigital<\/h6>\n","protected":false},"excerpt":{"rendered":"<p>Luego de que Esteban Bullrich reconociera p\u00fablicamente la posible derrota frente a Cristina Kirchner en Buenos Aires, suman 13 las provincias argentinas donde perdi\u00f3 el partido de Mauricio Macri<\/p>\n","protected":false},"author":2,"featured_media":66734,"comment_status":"closed","ping_status":"closed","sticky":false,"template":"","format":"standard","meta":{"footnotes":""},"categories":[8],"tags":[21],"class_list":["post-66733","post","type-post","status-publish","format-standard","has-post-thumbnail","hentry","category-informe-nacional","tag-argentina"],"_links":{"self":[{"href":"http:\/\/argentinamunicipal.com.ar\/argentina\/wp-json\/wp\/v2\/posts\/66733","targetHints":{"allow":["GET"]}}],"collection":[{"href":"http:\/\/argentinamunicipal.com.ar\/argentina\/wp-json\/wp\/v2\/posts"}],"about":[{"href":"http:\/\/argentinamunicipal.com.ar\/argentina\/wp-json\/wp\/v2\/types\/post"}],"author":[{"embeddable":true,"href":"http:\/\/argentinamunicipal.com.ar\/argentina\/wp-json\/wp\/v2\/users\/2"}],"replies":[{"embeddable":true,"href":"http:\/\/argentinamunicipal.com.ar\/argentina\/wp-json\/wp\/v2\/comments?post=66733"}],"version-history":[{"count":0,"href":"http:\/\/argentinamunicipal.com.ar\/argentina\/wp-json\/wp\/v2\/posts\/66733\/revisions"}],"wp:featuredmedia":[{"embeddable":true,"href":"http:\/\/argentinamunicipal.com.ar\/argentina\/wp-json\/wp\/v2\/media\/66734"}],"wp:attachment":[{"href":"http:\/\/argentinamunicipal.com.ar\/argentina\/wp-json\/wp\/v2\/media?parent=66733"}],"wp:term":[{"taxonomy":"category","embeddable":true,"href":"http:\/\/argentinamunicipal.com.ar\/argentina\/wp-json\/wp\/v2\/categories?post=66733"},{"taxonomy":"post_tag","embeddable":true,"href":"http:\/\/argentinamunicipal.com.ar\/argentina\/wp-json\/wp\/v2\/tags?post=66733"}],"curies":[{"name":"wp","href":"https:\/\/api.w.org\/{rel}","templated":true}]}}