{"id":66761,"date":"2017-08-22T06:44:18","date_gmt":"2017-08-22T09:44:18","guid":{"rendered":"http:\/\/argentinamunicipal.com.ar\/argentina\/?p=66761"},"modified":"2017-08-22T06:44:18","modified_gmt":"2017-08-22T09:44:18","slug":"medio-una-interna-caliente-la-cgt-se-moviliza-las-politicas-ajuste","status":"publish","type":"post","link":"http:\/\/argentinamunicipal.com.ar\/argentina\/medio-una-interna-caliente-la-cgt-se-moviliza-las-politicas-ajuste\/","title":{"rendered":"En medio de una interna caliente, la CGT se moviliza contra las pol\u00edticas de ajuste"},"content":{"rendered":"<p>La central obrera marcha sin paro general pero con la adhesi\u00f3n de las dos CTA, organizaciones sociales, el kirchnerismo y partidos de izquierda.<\/p>\n<p>La mesa chica de la\u00a0Confederaci\u00f3n General del Trabajo (CGT)\u00a0est\u00e1 en llamas y la movilizaci\u00f3n que se realiza hoy contra el\u00a0ajuste\u00a0del gobierno nacional llega en medio de la interna cada d\u00eda m\u00e1s fuerte entre moderados y \u00abcombativos\u00bb.<\/p>\n<p>Motorizada por\u00a0Pablo Moyano y Sergio Palazzo\u00a0(los \u00abcombativos\u00bb, seg\u00fan sus propios entornos), la protesta que no incluye paro de ning\u00fan tipo (est\u00e1 asegurado el servicio de transporte) est\u00e1 convocada para las 15 en Plaza de Mayo.<\/p>\n<p>Est\u00e1 previsto que se levante un palco de espaldas a la\u00a0Casa Rosada,\u00a0donde\u00a0Juan Carlos Schmid\u00a0(que suena como futuro l\u00edder de la central obrera) sea el \u00fanico orador.<\/p>\n<p>La\u00a0CGT\u00a0marchar\u00e1 junto a otras columnas como las de la\u00a0CTA\u00a0de Pablo Micheli y Hugo Yasky. En tanto, el Frente de Izquierda y de los Trabajadores (FIT) marchar\u00e1 para reclamar un \u00abparo activo nacional y plan de lucha\u00bb.<\/p>\n<p>Otras agrupaciones que adhieren son la\u00a0Confederaci\u00f3n de Trabajadores de la Econom\u00eda Popular\u00a0(CTEP),\u00a0Barrios de Pie\u00a0y la\u00a0Corriente Clasista Combativa\u00a0(CCC). Esos grupos se movilizar\u00e1n a las 11 hasta la Plaza.<\/p>\n<p>Entre cuestionamientos, reproches y hasta insultos, el Consejo Directivo de la CGT confirm\u00f3 el mi\u00e9rcoles \u00faltimo la movilizaci\u00f3n de hoy, pese a que una parte de la central prefer\u00eda posponer la marcha y seguir por la senda dialoguista que vienen subrayando desde que asumi\u00f3 Cambiemos el 10 de diciembre de 2015.<\/p>\n<p>\u00abLos problemas de la agenda social no se resuelven \u00fanicamente en el momento electoral\u00bb, enfatiz\u00f3 el moyanista Juan Carlos Schmid, integrante del triunvirato, al ratificar la marcha.<\/p>\n<p>\u00abExpresamos nuestra decisi\u00f3n de construir lazos de unidad en el movimiento obrero para enfrentar las pol\u00edticas de ajuste que pretende aplicar el Gobierno contra los trabajadores y nuestro pueblo\u00bb, afirmaron en conjunto las dos CTA.<\/p>\n<h6>Fuente: InfoNews<\/h6>\n","protected":false},"excerpt":{"rendered":"<p>La central obrera marcha sin paro general pero con la adhesi\u00f3n de las dos CTA, organizaciones sociales, el kirchnerismo y partidos de izquierda.<\/p>\n","protected":false},"author":2,"featured_media":66762,"comment_status":"closed","ping_status":"closed","sticky":false,"template":"","format":"standard","meta":{"footnotes":""},"categories":[8],"tags":[21],"class_list":["post-66761","post","type-post","status-publish","format-standard","has-post-thumbnail","hentry","category-informe-nacional","tag-argentina"],"_links":{"self":[{"href":"http:\/\/argentinamunicipal.com.ar\/argentina\/wp-json\/wp\/v2\/posts\/66761","targetHints":{"allow":["GET"]}}],"collection":[{"href":"http:\/\/argentinamunicipal.com.ar\/argentina\/wp-json\/wp\/v2\/posts"}],"about":[{"href":"http:\/\/argentinamunicipal.com.ar\/argentina\/wp-json\/wp\/v2\/types\/post"}],"author":[{"embeddable":true,"href":"http:\/\/argentinamunicipal.com.ar\/argentina\/wp-json\/wp\/v2\/users\/2"}],"replies":[{"embeddable":true,"href":"http:\/\/argentinamunicipal.com.ar\/argentina\/wp-json\/wp\/v2\/comments?post=66761"}],"version-history":[{"count":0,"href":"http:\/\/argentinamunicipal.com.ar\/argentina\/wp-json\/wp\/v2\/posts\/66761\/revisions"}],"wp:featuredmedia":[{"embeddable":true,"href":"http:\/\/argentinamunicipal.com.ar\/argentina\/wp-json\/wp\/v2\/media\/66762"}],"wp:attachment":[{"href":"http:\/\/argentinamunicipal.com.ar\/argentina\/wp-json\/wp\/v2\/media?parent=66761"}],"wp:term":[{"taxonomy":"category","embeddable":true,"href":"http:\/\/argentinamunicipal.com.ar\/argentina\/wp-json\/wp\/v2\/categories?post=66761"},{"taxonomy":"post_tag","embeddable":true,"href":"http:\/\/argentinamunicipal.com.ar\/argentina\/wp-json\/wp\/v2\/tags?post=66761"}],"curies":[{"name":"wp","href":"https:\/\/api.w.org\/{rel}","templated":true}]}}