{"id":66765,"date":"2017-08-22T06:52:00","date_gmt":"2017-08-22T09:52:00","guid":{"rendered":"http:\/\/argentinamunicipal.com.ar\/argentina\/?p=66765"},"modified":"2017-08-22T06:52:00","modified_gmt":"2017-08-22T09:52:00","slug":"los-pinares-cansados-del-estado-las-calles-le-exigen-obras-al-intendente-mar-del-plata","status":"publish","type":"post","link":"http:\/\/argentinamunicipal.com.ar\/argentina\/los-pinares-cansados-del-estado-las-calles-le-exigen-obras-al-intendente-mar-del-plata\/","title":{"rendered":"Los Pinares: cansados del estado de las calles, le exigen obras al intendente de Mar del Plata"},"content":{"rendered":"<p>Vecinos de la zona le reclamaron al intendente que comienzan los trabajos de obras de desag\u00fce pluvial para facilitar la circulaci\u00f3n peatonal y vehicular. Aseguran que la situaci\u00f3n empeor\u00f3 en el \u00faltimo tiempo y que afecta la din\u00e1mica del barrio.<\/p>\n<p>Barro y calles intransitables, as\u00ed describen los vecinos del\u00a0barrio Los Pinares\u00a0su d\u00eda a d\u00eda. Despu\u00e9s de cada lluvia, el panorama empeora y el agua acumulada demora d\u00edas en bajar. Cansados de la situaci\u00f3n, varios de ellos decidieron firmar una petici\u00f3n en la que le exigen al\u00a0intendente Carlos Fernando\u00a0Arroyo\u00a0que ordene la realizaci\u00f3n de la\u00a0obra de desag\u00fce pluvial, \u201cs\u00f3lo uno de los problemas\u201d que tiene la zona, seg\u00fan indicaron.<\/p>\n<p>\u201cSobre la calle Strobel, hace diez a\u00f1os, se hizo asfalto porque pasa el colectivo e hicieron un cord\u00f3n cuneta en la esquina, donde no hay desag\u00fce y el agua se acumula\u201d, indic\u00f3 Fernando Trabelo, uno de los vecinos que firm\u00f3 la carta dirigida al jefe comunal.<\/p>\n<p>\u201cCon cada lluvia resulta pr\u00e1cticamente imposible transitar y salir de las viviendas sin riesgo de accidentarse por el barro y el estado de deterioro de las calles\u201d, agreg\u00f3.<\/p>\n<p>Entre las problem\u00e1ticas destacadas se encuentra la zona de los cruces de las calles Juana Gorriti esquina Strobel y Juana Gorriti esquina Rej\u00f3n. A s\u00f3lo unos metros, sobre la calle Acosta, el sol del fin de semana parec\u00eda no ser suficiente para secar el barrial generado tras la tormenta del fin de semana pasado.<\/p>\n<p>\u201cLa esquina de Gorriti y Strobel con cada precipitaci\u00f3n suele acumular 20 cent\u00edmetros de agua, siendo una v\u00eda de gran circulaci\u00f3n vehicular particular y de transporte p\u00fablico de pasajeros, llegando el agua y el barrio hasta las veredas\u201d, indic\u00f3.<\/p>\n<p>El panorama se complica a\u00fan m\u00e1s en la intersecci\u00f3n de Gorriti y Rej\u00f3n, donde a las consecuencias de la lluvia y falta de obras se le suma la imprudencia con un micro basural a cielo abierto.<\/p>\n<p>\u201cEsta situaci\u00f3n no s\u00f3lo impide el paso de los veh\u00edculo, sino tambi\u00e9n la circulaci\u00f3n de las familias que se acercan al comedor Casa Fraterna que brinda m\u00e1s de 400 viandas diarias\u201d, se\u00f1al\u00f3 Fernando, en referencia al establecimiento ubicado en Gorriti, entre Rej\u00f3n y Padre Cardiel.<\/p>\n<p>La situaci\u00f3n del barrio se vio a\u00fan m\u00e1s afectada por las obras que est\u00e1n teniendo lugar en la zona. \u201cEl aumento del tr\u00e1nsito por estas obras deteriora r\u00e1pidamente cualquier re-engranzado\u201d, evidenci\u00f3 el vecino.<\/p>\n<p>Seg\u00fan \u00e9l, este es s\u00f3lo \u201cuno de los problemas\u201d que presenta la zona, pero, sin duda, uno de los m\u00e1s urgentes para todos aquellos que viven en las inmediaciones.<\/p>\n<p>Respecto la obra pedida, la carta enviada al municipio detalla: \u201cEs importante mencionar que la obra de desag\u00fces que se realiz\u00f3 durante la gesti\u00f3n anterior, no incluy\u00f3 la realizaci\u00f3n de ramales menores para atender los problemas h\u00eddricos del resto del barrio. Es as\u00ed que vemos a\u00fan m\u00e1s lejana la posibilidad de contar con calles asfaltadas\u201d.<\/p>\n<p>En busca de una soluci\u00f3n inmediata, los vecinos de la zona buscaron una alternativa. \u201cEn una esquina hay una tapa de inspecci\u00f3n de cloaca y hay una conexi\u00f3n clandestina que hicieron los vecinos para poder evacuar cuando se inunda. Esa no es la manera, pero no nos queda alternativa frente a la situaci\u00f3n\u201d, indic\u00f3.<\/p>\n<p>Respecto la continuidad del servicio de transporte p\u00fablico, el cual en muchos barrios en similares o incluso peores situaciones debi\u00f3 modificar su recorrido, Fernando asegura que el mismo a\u00fan sigue pasando pero \u201cpero ralentiza su paso cuando pasa por esas cuadras\u201d.<\/p>\n<p>Los reiterados reclamos por el deterioro de las calles de la ciudad no cesan, al contrario, se intensifican debido al incremento de fen\u00f3menos meteorol\u00f3gicos representados en fuertes tormentas y vendavales. El partido de General Pueyrredon registr\u00f3 en seis meses la ca\u00edda 801 mil\u00edmetros y otros 100 en la primera semana de agosto.<\/p>\n<h6>Fuente: la Capital Mar del plata<\/h6>\n","protected":false},"excerpt":{"rendered":"<p>Vecinos de la zona le reclamaron al intendente que comienzan los trabajos de obras de desag\u00fce pluvial para facilitar la circulaci\u00f3n peatonal y vehicular.<\/p>\n","protected":false},"author":2,"featured_media":66766,"comment_status":"closed","ping_status":"closed","sticky":false,"template":"","format":"standard","meta":{"footnotes":""},"categories":[2],"tags":[12],"class_list":["post-66765","post","type-post","status-publish","format-standard","has-post-thumbnail","hentry","category-informe-municipal","tag-buenos-aires"],"_links":{"self":[{"href":"http:\/\/argentinamunicipal.com.ar\/argentina\/wp-json\/wp\/v2\/posts\/66765","targetHints":{"allow":["GET"]}}],"collection":[{"href":"http:\/\/argentinamunicipal.com.ar\/argentina\/wp-json\/wp\/v2\/posts"}],"about":[{"href":"http:\/\/argentinamunicipal.com.ar\/argentina\/wp-json\/wp\/v2\/types\/post"}],"author":[{"embeddable":true,"href":"http:\/\/argentinamunicipal.com.ar\/argentina\/wp-json\/wp\/v2\/users\/2"}],"replies":[{"embeddable":true,"href":"http:\/\/argentinamunicipal.com.ar\/argentina\/wp-json\/wp\/v2\/comments?post=66765"}],"version-history":[{"count":0,"href":"http:\/\/argentinamunicipal.com.ar\/argentina\/wp-json\/wp\/v2\/posts\/66765\/revisions"}],"wp:featuredmedia":[{"embeddable":true,"href":"http:\/\/argentinamunicipal.com.ar\/argentina\/wp-json\/wp\/v2\/media\/66766"}],"wp:attachment":[{"href":"http:\/\/argentinamunicipal.com.ar\/argentina\/wp-json\/wp\/v2\/media?parent=66765"}],"wp:term":[{"taxonomy":"category","embeddable":true,"href":"http:\/\/argentinamunicipal.com.ar\/argentina\/wp-json\/wp\/v2\/categories?post=66765"},{"taxonomy":"post_tag","embeddable":true,"href":"http:\/\/argentinamunicipal.com.ar\/argentina\/wp-json\/wp\/v2\/tags?post=66765"}],"curies":[{"name":"wp","href":"https:\/\/api.w.org\/{rel}","templated":true}]}}