{"id":66768,"date":"2017-08-22T06:58:33","date_gmt":"2017-08-22T09:58:33","guid":{"rendered":"http:\/\/argentinamunicipal.com.ar\/argentina\/?p=66768"},"modified":"2017-08-22T06:58:33","modified_gmt":"2017-08-22T09:58:33","slug":"la-persecucion-pueblos-originarios-se-extiende-al-norte-del-pais","status":"publish","type":"post","link":"http:\/\/argentinamunicipal.com.ar\/argentina\/la-persecucion-pueblos-originarios-se-extiende-al-norte-del-pais\/","title":{"rendered":"La persecuci\u00f3n a pueblos originarios se extiende al norte del pa\u00eds"},"content":{"rendered":"<p>No s\u00f3lo en el Sur el Estado avanza con represi\u00f3n sobre los territorios de pueblos originarios. En Misiones denuncian que les sacaron hasta el agua.<\/p>\n<p>En\u00a0San Ignacio, Misiones, la municipalidad arras\u00f3 con la comunidad\u00a0Mbya Guarani Chapa\u00ed. Escap\u00e1ndole a topadoras y enfrentando sierras, sus integrantes se enfrentan al avance, se solidarizan con el pueblo mapuche y recuerdan que el avance contra los pueblos originarios es en todo el pa\u00eds.<\/p>\n<p>\u201cLos primeros ataques empezaron con el tema del agua. En 2014 taparon con cemento la \u00fanica vertiente, el \u00fanico arroyito que no estaba contaminado. Nos quedamos sin agua y tuvimos que recurrir a los vecinos del barrio y nos daban un poquito\u201d, recuerda Itat\u00ed Brizuela, referente de la comunidad Chapa\u00b4\u00ed al ser entrevistada por\u00a0Revista C\u00edtrica. Aunque habla serena, la preocupaci\u00f3n la invade: despu\u00e9s de a\u00f1os de embestidas, ahora son varias las familias desalojadas de las tierras misioneras de San Ignacio en donde viv\u00edan desde fines de julio. Con\u00a0Esteban Romero, intendente del\u00a0Frente Renovador, al mando; la orden municipal de tirar abajo plantas y \u00e1rboles para abrir un camino de asfalto fue ejecutada r\u00e1pidamente. En la zona dicen que fue a pedido de empresarios y que tuvo el benepl\u00e1cito de la Provincia. Tambi\u00e9n que el ataque al monte nativo fue certero, que lo lastimaron. Ahora tambi\u00e9n sabemos, y nuestra charla lo deja en claro, que la resistencia organizada aguanta para que la herida no sea de muerte.<\/p>\n<p>En donde vive Itat\u00ed crec\u00edan \u00e1rboles de naranja, limones y palta. All\u00ed lleg\u00f3 en 2006 desde el monte del Chap\u00e1, a unos 30 kil\u00f3metros. \u201cViv\u00edamos bien. Ten\u00edamos r\u00edos, peces, animales, frutos silvestres. Despu\u00e9s de 15 a\u00f1os, falleci\u00f3 mi madre y me qued\u00e9 a cargo de 10 hermanos que en ese tiempo eran menores. No ten\u00edamos escuela ni sala de primeros auxilios. Ten\u00edamos un colectivo que pasaba tres veces a la semana. Era muy dif\u00edcil ir al hospital, hacer compras, tambi\u00e9n el tema de la escuela para que los chicos pudieran seguir estudiando. As\u00ed que con mi pap\u00e1 decidimos venirnos ac\u00e1, donde estamos ahora en San Ignacio. Hablamos con el intendente de ese tiempo y nos dio un lugar para vivir\u201d, nos cuenta. Dos a\u00f1os despu\u00e9s se hizo el relevamiento territorial seg\u00fan la Ley 26.160 que \u201cdeclara la emergencia en materia de posesi\u00f3n y propiedad de las tierras que tradicionalmente ocupan las comunidades ind\u00edgenas originarias del pa\u00eds, cuya personer\u00eda jur\u00eddica haya sido inscripta en el\u00a0Registro Nacional de Comunidades Ind\u00edgenas\u00a0u organismo provincial competente o aqu\u00e9llas preexistentes\u201d, tal como se\u00f1ala la letra de la norma sancionada hace 11 a\u00f1os. As\u00ed se reconocieron 181 hect\u00e1reas para Chapa\u2018\u00ed. Lo resolvi\u00f3 el Instituto Nacional de Asuntos Ind\u00edgenas (Inai).<\/p>\n<h6>Fuente: InfoNews<\/h6>\n","protected":false},"excerpt":{"rendered":"<p>No s\u00f3lo en el Sur el Estado avanza con represi\u00f3n sobre los territorios de pueblos originarios. En Misiones denuncian que les sacaron hasta el agua.<\/p>\n","protected":false},"author":2,"featured_media":66769,"comment_status":"closed","ping_status":"closed","sticky":false,"template":"","format":"standard","meta":{"footnotes":""},"categories":[2],"tags":[27],"class_list":["post-66768","post","type-post","status-publish","format-standard","has-post-thumbnail","hentry","category-informe-municipal","tag-misiones"],"_links":{"self":[{"href":"http:\/\/argentinamunicipal.com.ar\/argentina\/wp-json\/wp\/v2\/posts\/66768","targetHints":{"allow":["GET"]}}],"collection":[{"href":"http:\/\/argentinamunicipal.com.ar\/argentina\/wp-json\/wp\/v2\/posts"}],"about":[{"href":"http:\/\/argentinamunicipal.com.ar\/argentina\/wp-json\/wp\/v2\/types\/post"}],"author":[{"embeddable":true,"href":"http:\/\/argentinamunicipal.com.ar\/argentina\/wp-json\/wp\/v2\/users\/2"}],"replies":[{"embeddable":true,"href":"http:\/\/argentinamunicipal.com.ar\/argentina\/wp-json\/wp\/v2\/comments?post=66768"}],"version-history":[{"count":0,"href":"http:\/\/argentinamunicipal.com.ar\/argentina\/wp-json\/wp\/v2\/posts\/66768\/revisions"}],"wp:featuredmedia":[{"embeddable":true,"href":"http:\/\/argentinamunicipal.com.ar\/argentina\/wp-json\/wp\/v2\/media\/66769"}],"wp:attachment":[{"href":"http:\/\/argentinamunicipal.com.ar\/argentina\/wp-json\/wp\/v2\/media?parent=66768"}],"wp:term":[{"taxonomy":"category","embeddable":true,"href":"http:\/\/argentinamunicipal.com.ar\/argentina\/wp-json\/wp\/v2\/categories?post=66768"},{"taxonomy":"post_tag","embeddable":true,"href":"http:\/\/argentinamunicipal.com.ar\/argentina\/wp-json\/wp\/v2\/tags?post=66768"}],"curies":[{"name":"wp","href":"https:\/\/api.w.org\/{rel}","templated":true}]}}