{"id":66779,"date":"2017-08-22T06:11:42","date_gmt":"2017-08-22T09:11:42","guid":{"rendered":"http:\/\/argentinamunicipal.com.ar\/argentina\/?p=66779"},"modified":"2017-08-22T07:20:59","modified_gmt":"2017-08-22T10:20:59","slug":"campo-gobierno-dejo-sin-ayuda-miles-pequenos-productores-rurales","status":"publish","type":"post","link":"http:\/\/argentinamunicipal.com.ar\/argentina\/campo-gobierno-dejo-sin-ayuda-miles-pequenos-productores-rurales\/","title":{"rendered":"Campo para pocos: el Gobierno dej\u00f3 sin ayuda a miles de peque\u00f1os productores rurales"},"content":{"rendered":"<p>La Casa Rosada elimin\u00f3 a centenares de grupos productivos de un plan que los ayudaba a capitalizarse. El ajuste que golpea en la base electoral del macrismo.<\/p>\n<p>Pese a la declarada adscripci\u00f3n del gobierno nacional al sector del campo, e incluso pese a los gestos de extremo acercamiento evidenciados en la \u00faltima inauguraci\u00f3n de la Exposici\u00f3n Rural, la Casa Rosada apunt\u00f3 al coraz\u00f3n de la pampa h\u00fameda: los peque\u00f1os productores rurales.<\/p>\n<p>Ocurre en el marco de la \u00abreestructuraci\u00f3n\u00bb del plan\u00a0Cambio Rural,\u00a0lanzado en la d\u00e9cada del 90 para ayudar al entonces tambi\u00e9n maltrecho campo argentino. En 2014 se le aplic\u00f3 una instancia superadora que incluy\u00f3 a los agricultores familiares en tr\u00e1nsito hacia la capitalizaci\u00f3n. Este grupo, precisamente, es el m\u00e1s perjudicado por el ajuste que el gobierno elig\u00f3 dirigir a la rama m\u00e1s d\u00e9bil del campo argentino.<\/p>\n<p>\u00abEs muy triste lo que est\u00e1 pasando. Se da de baja todo lo que es agricultura familiar y se va hac\u00eda\u00a0un Cambio Rural m\u00e1s elitista. Para las actuales autoridades los agricultores familiares no son sujetos productivos, sino sujetos de acci\u00f3n social. Para nosotros, en cambio, esos productores son sujetos productivos, econ\u00f3micos, culturales e identitarios, que en las econom\u00edas locales tienen una trascendencia muy fuerte y que con asistencia t\u00e9cnica logran achicar la brecha tecnol\u00f3gica con otros estratos de productores\u00bb, afirm\u00f3 un miembro del INTA entrevistado por el diario La Naci\u00f3n. Seg\u00fan la misma publicaci\u00f3n, quien hizo la aseveraci\u00f3n pidi\u00f3 \u00abpreservar su identidad por temor a represalias\u00bb.<\/p>\n<p>El \u00abcambio\u00bb que tambi\u00e9n lleg\u00f3 al plan oficial se aplic\u00f3 bajo la consigna de \u00abreadecuar y ordenar\u00bb, tal como tambi\u00e9n consigna La Naci\u00f3n. Se realiz\u00f3 un reempadronaminto ordenado por el Ministerio de Agroindustria y luego de eso se dio de baja en agosto \u00faltimo a 880 grupos de productores en 22 provincias. S\u00f3lo se permiti\u00f3 la continuidad de 404 grupos.<\/p>\n<p>El ajuste en realidad comenz\u00f3 con la llegada misma de Mauricio Macri a la Presidencia. La quita de retenciones a los sectores m\u00e1s poderosos del campo no fue gratuita y, adem\u00e1s del ajuste que golpe\u00f3 y sigue golpeando a las capas medias y bajas de la sociedad, el agro tambi\u00e9n tuvo que hacerse cargo de la fiesta de los terratenientes: en ese momento se sac\u00f3 el plan a unos 700 grupos de productores, medida que perjudic\u00f3 a unos 6.000 peque\u00f1os productores.<\/p>\n<p>\u00abLos integrantes de los grupos deb\u00edan reunir dos condiciones, ser productores genuinos y cumplir con los requisitos de trabajo de grupo. Tras la evaluaci\u00f3n un n\u00famero importante de grupos qued\u00f3 afuera\u00bb, se\u00f1al\u00f3 por su parte el diputado radical y coordinador de Cambio Rural,\u00a0Juan Casa\u00f1as, al diario.<\/p>\n<p>Resulta curioso el discurso del ajustador Casa\u00f1as al respecto: \u00aba mi simplemente me dijeron: \u00b4Tom\u00e1, Juan, hacete cargo de este programa\u00b4 y la consigna que me dieron fue trabajar con productores familiares capitalizados y con pymes agropecuarias, y estoy trabajando con esos rubros\u00bb, apunt\u00f3 al\u00a0periodista Dante Rofi.<\/p>\n<p>En tanto, los propios perjudicados por Cambiemos son quienes m\u00e1s ponen en evidencia que el plan de ajuste no perdona y ya abarca a la que quiz\u00e1 sea la base electoral que el macrismo hab\u00eda logrado edificar en el interior de la provincia de Buenos Aires.\u00a0312 de los grupos dados de baja fueron reubicados bajo el parag\u00fcas del Ministerio de Desarrollo Social.<\/p>\n<p>\u00abQu\u00e9 le parece, nos dicen que pasar\u00edamos a Desarrollo Social, nosotros que estamos meta laburar en el campo, como si fuera que estamos pidiendo d\u00e1divas o un plan. Lo que m\u00e1s nos duele es que nos mientan en la cara, porque hicimos todo lo que nos pidieron\u00bb, dijo el peque\u00f1o productor de Catamarca\u00a0Carlos Calvento, citado por el peri\u00f3dico.<\/p>\n<h6>Fuente: InfoNews<\/h6>\n","protected":false},"excerpt":{"rendered":"<p>La Casa Rosada elimin\u00f3 a centenares de grupos productivos de un plan que los ayudaba a capitalizarse. El ajuste que golpea en la base electoral del macrismo.<\/p>\n","protected":false},"author":2,"featured_media":66780,"comment_status":"closed","ping_status":"closed","sticky":false,"template":"","format":"standard","meta":{"footnotes":""},"categories":[8],"tags":[21],"class_list":["post-66779","post","type-post","status-publish","format-standard","has-post-thumbnail","hentry","category-informe-nacional","tag-argentina"],"_links":{"self":[{"href":"http:\/\/argentinamunicipal.com.ar\/argentina\/wp-json\/wp\/v2\/posts\/66779","targetHints":{"allow":["GET"]}}],"collection":[{"href":"http:\/\/argentinamunicipal.com.ar\/argentina\/wp-json\/wp\/v2\/posts"}],"about":[{"href":"http:\/\/argentinamunicipal.com.ar\/argentina\/wp-json\/wp\/v2\/types\/post"}],"author":[{"embeddable":true,"href":"http:\/\/argentinamunicipal.com.ar\/argentina\/wp-json\/wp\/v2\/users\/2"}],"replies":[{"embeddable":true,"href":"http:\/\/argentinamunicipal.com.ar\/argentina\/wp-json\/wp\/v2\/comments?post=66779"}],"version-history":[{"count":0,"href":"http:\/\/argentinamunicipal.com.ar\/argentina\/wp-json\/wp\/v2\/posts\/66779\/revisions"}],"wp:featuredmedia":[{"embeddable":true,"href":"http:\/\/argentinamunicipal.com.ar\/argentina\/wp-json\/wp\/v2\/media\/66780"}],"wp:attachment":[{"href":"http:\/\/argentinamunicipal.com.ar\/argentina\/wp-json\/wp\/v2\/media?parent=66779"}],"wp:term":[{"taxonomy":"category","embeddable":true,"href":"http:\/\/argentinamunicipal.com.ar\/argentina\/wp-json\/wp\/v2\/categories?post=66779"},{"taxonomy":"post_tag","embeddable":true,"href":"http:\/\/argentinamunicipal.com.ar\/argentina\/wp-json\/wp\/v2\/tags?post=66779"}],"curies":[{"name":"wp","href":"https:\/\/api.w.org\/{rel}","templated":true}]}}