{"id":66785,"date":"2017-08-22T07:33:10","date_gmt":"2017-08-22T10:33:10","guid":{"rendered":"http:\/\/argentinamunicipal.com.ar\/argentina\/?p=66785"},"modified":"2017-08-22T07:33:10","modified_gmt":"2017-08-22T10:33:10","slug":"botanico-jardin-la-ciudad-cordoba","status":"publish","type":"post","link":"http:\/\/argentinamunicipal.com.ar\/argentina\/botanico-jardin-la-ciudad-cordoba\/","title":{"rendered":"El Bot\u00e1nico es el jard\u00edn de la ciudad de C\u00f3rdoba"},"content":{"rendered":"<p>La Municipalidad de C\u00f3rdoba promueve el desarrollo sustentable para elevar la calidad de vida de los vecinos de C\u00f3rdoba, la capital social.<\/p>\n<p>M\u00e1s que docente universitaria, jardinera y paisajista, Delia Caminotti es una amante de las plantas; especialmente, de las rosas. Para ella, es tan esencial la uni\u00f3n del hombre con la naturaleza como la de ella con sus libros y plantas. \u201cEsto es muy bueno para que la sociedad de C\u00f3rdoba comparta la naturaleza que nos da energ\u00eda. Aqu\u00ed hay energ\u00eda de sobra\u201d, cuenta Delia en el Paseo de las Flores, uno de los tantos espacios que ofrece el Jard\u00edn Bot\u00e1nico.<\/p>\n<p>Ubicado sobre la calle Yunyent 5491, en el \u00e1rea de El Infiernillo, el Bot\u00e1nico de C\u00f3rdoba tiene la misi\u00f3n de conservar la biodiversidad regional, divulgar el conocimiento de la flora y situarse como espacio recreativo. Adem\u00e1s de haberse convertido el a\u00f1o pasado en sede del Congreso de Jardines Bot\u00e1nicos de Sudam\u00e9rica, suma cada vez m\u00e1s actividades que fomentan la participaci\u00f3n de los vecinos, como la Escuela de Jardiner\u00eda de Delia, fundada en 1990, y cinco clubes de jardiner\u00eda gratuitos, muchos de ellos creados por sus alumnos a lo largo de sus 25 a\u00f1os de docencia.<\/p>\n<p>En estos clubes de jardiner\u00eda se organizan exposiciones con miembros de la comunidad, no necesariamente especialistas. A ellos sumaron lazos la Sociedad de Cact\u00f3filos y la Asociaci\u00f3n de Rosicultura.<\/p>\n<p><strong>Recuperando derechos<\/strong><\/p>\n<p>Delia muestra con sus manos y palabras la tarea m\u00e1s b\u00e1sica y humana: la relaci\u00f3n con la tierra. Y pone a disposici\u00f3n de los cordobeses todo lo que aprendi\u00f3 ense\u00f1ando en su escuelita, uno de los mil nodos vecinales que trabajan hoy en conjunto con la Municipalidad de C\u00f3rdoba por la sustentabilidad urbana. A lo largo y a lo ancho de la ciudad, son 2.600 los nodos de participaci\u00f3n que vinculan al municipio con los vecinos.<\/p>\n<p>\u201cEn la contemplaci\u00f3n de la naturaleza tambi\u00e9n se aprende a respetarla. Los derechos de la naturaleza, como los derechos humanos, tienen la misma dignidad\u201d, ejemplifica Delia.<\/p>\n<p>En su Plan de Metas, la Municipalidad reconoce la plenitud y vigencia del derecho de la poblaci\u00f3n a la ciudad y a la calidad de vida que el desarrollo sustentable implica para construir futuro. A este derecho se agregan otros, como el derecho al paisaje, a la belleza y a la libertad, que Delia reconoce: \u201cEl jard\u00edn se hace por el amor a las plantas. No es necesario que est\u00e9 hecho por un profesional, pero s\u00ed que est\u00e9 bien cuidado para apreciar la belleza que brinda\u201d.<\/p>\n<p><strong>Un jard\u00edn en el coraz\u00f3n<\/strong><\/p>\n<p>El amor de Delia por las plantas viene \u201cde ra\u00edz\u201d materna y despert\u00f3 con una observaci\u00f3n que termin\u00f3 cambiando su vida. \u201cCuando daba clases en la universidad, un d\u00eda sal\u00ed al patio y sent\u00ed que ten\u00eda el jard\u00edn que no me reflejaba. Y entonces me un\u00ed a un club de jardiner\u00eda en el Bot\u00e1nico. Me pareci\u00f3 hermoso c\u00f3mo esas mujeres pod\u00edan expresar belleza\u201d.<\/p>\n<p>El resto es historia: obligada a dejar las clases en el &#8217;76, comenz\u00f3 a capacitarse en Buenos Aires con docentes ingleses, donde fue la \u00fanica alumna del interior. Luego, incorpor\u00f3 paisajismo, entendiendo que el dise\u00f1o del paisaje otorga un lenguaje al jard\u00edn para que sea reflejo de quien lo crea.<\/p>\n<p>En la b\u00fasqueda de ese jard\u00edn interior, el Bot\u00e1nico inaugur\u00f3 el Jard\u00edn Zen, espacio donde la gente puede reflexionar y meditar, si lo desea, participando de la energ\u00eda verde de la tierra cordobesa. Y Delia est\u00e1 convencida de que las plantas curan y hacen un bien palpable a quien se entrega. \u201cDesde el primer momento que uno mete las manos en la tierra, la energ\u00eda empieza a circular.\u201d, ense\u00f1a.<\/p>\n<p><strong>\u201cT\u00fa, florece\u201d<\/strong><\/p>\n<p>El Jard\u00edn Bot\u00e1nico fue inaugurado el 14 de abril de 1999 por el entonces intendente Rub\u00e9n Mart\u00ed. No fue concebido como un jard\u00edn ex\u00f3tico, ni muestrario, ni soporte de viveros, sino con el sentido de integrarse visual y pr\u00e1cticamente con el espacio urbano.<\/p>\n<p>Cuenta con distintos paseos sectorizados como: de las Flores, de la Selva Subtropical, de la Huerta, de la Flora Nativa, de las Pasturas, de las Trepadoras, de las Rocallas, de los Cactus y los de \u00c1rboles Urbanos. Ofrece una laguna artificial con peces carpas, tortugas y un jard\u00edn acu\u00e1tico, sin olvidar el Mirador del Arroyo, donde se integran los paseos. Las instalaciones poseen una sala educativa con acuario, invernadero y juegos infantiles. Con fines acad\u00e9micos, mantiene colecciones de plantas debidamente documentadas.<\/p>\n<p>De acuerdo con la \u00e9poca del a\u00f1o, el Bot\u00e1nico va mutando su fisonom\u00eda. Pero es en primavera cuando realmente muestra su vitalidad plena. Delia conoce perfectamente esto. Por eso, cuenta el mandato que les deja a sus plantas cada vez que sale de su casa: \u201cSi no volviera yo, la primavera siempre volver\u00e1. T\u00fa, florece\u201d.<\/p>\n<p><strong>M\u00e1s ambiente<\/strong><\/p>\n<p>A pocos metros del Jard\u00edn Bot\u00e1nico, sobre avenida del Piamonte, la Municipalidad de C\u00f3rdoba cuenta con otros dos importantes espacios dedicados a la promoci\u00f3n ambiental urbana.<\/p>\n<p>\u2022 La Universidad Libre del Ambiente, que brinda charlas, cursos, seminarios, talleres y ofrece una agenda cultural relacionada con las problem\u00e1ticas ambientales.<\/p>\n<p>\u2022 La Reserva Natural Urbana San Mart\u00edn, tambi\u00e9n ubicada en el polo verde, con una superficie de 114 hect\u00e1reas, la \u00fanica \u00e1rea protegida de la ciudad de importancia biol\u00f3gica.<\/p>\n<p>\u2022 Quienes deseen consultar por cursos de jardiner\u00eda que dicta el Jard\u00edn Bot\u00e1nico, u otros a cargo de la Universidad Libre del Ambiente, pueden ingresar a\u00a0http:\/\/ambiente.cordoba.gob.ar\/<\/p>\n<h6>Fuente: La Voz<\/h6>\n","protected":false},"excerpt":{"rendered":"<p>La Municipalidad de C\u00f3rdoba promueve el desarrollo sustentable para elevar la calidad de vida de los vecinos de C\u00f3rdoba, la capital social. <\/p>\n","protected":false},"author":2,"featured_media":66786,"comment_status":"closed","ping_status":"closed","sticky":false,"template":"","format":"standard","meta":{"footnotes":""},"categories":[2],"tags":[3],"class_list":["post-66785","post","type-post","status-publish","format-standard","has-post-thumbnail","hentry","category-informe-municipal","tag-cordoba"],"_links":{"self":[{"href":"http:\/\/argentinamunicipal.com.ar\/argentina\/wp-json\/wp\/v2\/posts\/66785","targetHints":{"allow":["GET"]}}],"collection":[{"href":"http:\/\/argentinamunicipal.com.ar\/argentina\/wp-json\/wp\/v2\/posts"}],"about":[{"href":"http:\/\/argentinamunicipal.com.ar\/argentina\/wp-json\/wp\/v2\/types\/post"}],"author":[{"embeddable":true,"href":"http:\/\/argentinamunicipal.com.ar\/argentina\/wp-json\/wp\/v2\/users\/2"}],"replies":[{"embeddable":true,"href":"http:\/\/argentinamunicipal.com.ar\/argentina\/wp-json\/wp\/v2\/comments?post=66785"}],"version-history":[{"count":0,"href":"http:\/\/argentinamunicipal.com.ar\/argentina\/wp-json\/wp\/v2\/posts\/66785\/revisions"}],"wp:featuredmedia":[{"embeddable":true,"href":"http:\/\/argentinamunicipal.com.ar\/argentina\/wp-json\/wp\/v2\/media\/66786"}],"wp:attachment":[{"href":"http:\/\/argentinamunicipal.com.ar\/argentina\/wp-json\/wp\/v2\/media?parent=66785"}],"wp:term":[{"taxonomy":"category","embeddable":true,"href":"http:\/\/argentinamunicipal.com.ar\/argentina\/wp-json\/wp\/v2\/categories?post=66785"},{"taxonomy":"post_tag","embeddable":true,"href":"http:\/\/argentinamunicipal.com.ar\/argentina\/wp-json\/wp\/v2\/tags?post=66785"}],"curies":[{"name":"wp","href":"https:\/\/api.w.org\/{rel}","templated":true}]}}