{"id":66794,"date":"2017-08-22T07:45:33","date_gmt":"2017-08-22T10:45:33","guid":{"rendered":"http:\/\/argentinamunicipal.com.ar\/argentina\/?p=66794"},"modified":"2017-08-22T07:45:33","modified_gmt":"2017-08-22T10:45:33","slug":"aumenta-la-precarizacion-del-trabajo-la-flexibilizacion-laboral","status":"publish","type":"post","link":"http:\/\/argentinamunicipal.com.ar\/argentina\/aumenta-la-precarizacion-del-trabajo-la-flexibilizacion-laboral\/","title":{"rendered":"Aumenta la precarizaci\u00f3n del trabajo y la flexibilizaci\u00f3n laboral"},"content":{"rendered":"<p>Especialistas afirman que la reforma laboral brasile\u00f1a ha impulsado al gobierno de Macri y a sectores empresarios a proponer una similar para reducir derechos de trabajadores. El argumento es que de ese modo la econom\u00eda no perder\u00e1 competitividad. A la par, hoy la CGT descomprimir\u00e1 su interna ante la inacci\u00f3n frente a las medidas nacionales, con una movilizaci\u00f3n a la Plaza de Mayo, de la que podr\u00eda salir la fecha del segundo paro nacional contra la gesti\u00f3n de Mauricio Macri. Este ser\u00eda un atajo para evitar una fractura, en tiempos en los que el Gobierno teje en secreto una reforma laboral con otros actores sindicales que est\u00e1n hoy alejados de la central obrera. Por un lado posterg\u00f3 el debate legislativo de una eventual reforma laboral a la espera de una configuraci\u00f3n m\u00e1s favorable del Congreso y al nuevo mapa opositor que se dibujar\u00eda tras las elecciones de octubre. Por otro, lejos de observar con pasividad el posible reordenamiento, activ\u00f3 por diferentes v\u00edas un plan para reducir los costos laborales y la conflictividad, y as\u00ed atraer inversiones externas. Sell\u00f3 ya acuerdos sectoriales con los gremios petroleros, portuarios y de las industrias automotrices, textiles y l\u00e1ctea. La intenci\u00f3n oficial es expandir este tipo de tratos para escenificar cierto consenso antes de avanzar en cualquier cambio quir\u00fargico de la legislaci\u00f3n laboral<\/p>\n<p><strong>Iguales pero diferentes<\/strong><\/p>\n<p>Los cambios en el escenario laboral de Brasil traen consigo fuertes presiones de los sectores exportadores en busca de competitividad. El costo laboral en Brasil se reducir\u00e1 a fuerza de despidos y suspensiones, y se consolidar\u00e1 en tercerizaciones masivas en las industrias. Esto estar\u00e1 acompa\u00f1ado de un probable boom importador en un contexto de reducci\u00f3n de las convenciones colectivas, empujando a los trabajadores a aceptar condiciones precarias en lo referido a la jornada laboral. Esto es un poco lo que se copiar\u00eda en versi\u00f3n criolla afirman los analistas Santiago Fraschina y Ramiro Bogado *<\/p>\n<p><strong>Tendencia para tener en cuenta<\/strong><\/p>\n<p>Resulta entonces importante enfocar, m\u00e1s all\u00e1 del clima pol\u00edtico del pa\u00eds vecino, dichos cambios como una tendencia regional. Los n\u00fameros del disciplinamiento a nivel local ya se sienten. En primer lugar, se observa un retroceso del empleo privado registrado, con m\u00e1s de 16.000 puestos menos entre mayo del corriente a\u00f1o y fines de 2015, con pico de deterioro en agosto 2016. En el desglose por sectores, se registran casi 58.000 empleos perdidos en la industria, adem\u00e1s de 11.177 en el sector de la construcci\u00f3n y m\u00e1s de 26.600 en el transporte y otros servicios. Los resultados en los sectores intensivos en mano de obra difieren con una primitiva creaci\u00f3n de menos de 3800 empleos en el sector primario orientado a la exportaci\u00f3n. Es un esquema laboral donde por cada puesto de trabajo nuevo en el sector agrario, se destruyen 3 en la construcci\u00f3n, 7 en servicios y 15 en la industria manufacturera. Esto significa una reprimarizaci\u00f3n del empleo privado registrado.<br \/>\nOtra de las pr\u00e1cticas que ha ido creciendo es la precarizaci\u00f3n de los contratos en relaci\u00f3n de dependencia, pasando del r\u00e9gimen del monotributo, pr\u00e1cticas que son relaciones laborales encubiertas, que les permiten \u201cahorrarse\u201d a las empresas las cargas sociales, las indemnizaciones, aguinaldos y vacaciones pagas. Seg\u00fan se desprende de las estad\u00edsticas del Ministerio de Trabajo, entre diciembre de 2015 y mayo de 2017, hubo un crecimiento de los inscriptos en el monotributo del 5,9 por ciento (corresponde a 106 mil nuevos ingresos), mientras que el sector privado en general mostr\u00f3 una ca\u00edda del 0,7 por ciento (45 mil puestos destruidos). Se puede establecer entonces la siguiente relaci\u00f3n: por cada dos nuevos inscriptos en el monotributo, existe un empleo registrado en el sector privado que se pierde. Esto lleva a inferir que uno de esos dos nuevos monotributistas es consecuencia de la precarizaci\u00f3n laboral. (\u2026)<br \/>\nTeniendo en cuenta que de 106 mil nuevos monotributistas, 45 mil se deben a una flexibilizaci\u00f3n laboral por una precarizaci\u00f3n en la contrataci\u00f3n, 16 mil por ingreso al sistema por el beneficio de la AUH y 38 mil por altas debido al blanqueo de capitales, solo 6600 monotributistas se deben a una creaci\u00f3n de empleo, es decir que 6 de cada 100 nuevos ingresos al r\u00e9gimen simplificado se debe por una creaci\u00f3n de puesto laboral.<\/p>\n<p><strong>La v\u00e1lvula es la gente<\/strong><\/p>\n<p>El fraude de la competitividad empieza cuando se escuda detr\u00e1s la flexibilizaci\u00f3n de derechos laborales. Es responsabilidad de los gobiernos ser creativos a la hora de planificar la pol\u00edtica econ\u00f3mica, y especialmente en materia de comercio exterior. La competitividad es posible v\u00eda inversi\u00f3n estatal en empresas industriales, que produzcan bajo la premisa de la sustituci\u00f3n de importaciones y la industrializaci\u00f3n de las exportaciones.<br \/>\nCuando se habla de mejorar la competitividad a costa de derechos adquiridos es caer en la falsa antinomia que pregona la ortodoxia, para enmascarar intereses ocultos: el disciplinamiento y consiguiente debilitamiento de las clases populares, que han supuesto un obst\u00e1culo para el neoliberalismo, que tiende a concentrar riqueza y poder a costa de la pobreza de millones.<\/p>\n<p><strong>Cruje la c\u00fapula sindical<\/strong><\/p>\n<p>Surcada por las internas y sin consenso para ejecutar una estrategia com\u00fan para guiar su v\u00ednculo con el Gobierno, los analistas afirman que la CGT se encamina hacia una ruptura inevitable. Suceder\u00eda apenas despu\u00e9s de la movilizaci\u00f3n de protesta que tendr\u00e1 lugar ma\u00f1ana. El detonante de la nueva divisi\u00f3n son las diferencias para seguir la hoja de ruta de reclamos que se acord\u00f3 el 28 de junio pasado durante un plenario sindical en el que el triunvirato de mando de la central fue otra vez blanco de abucheos y silbidos por dilatar un plan de lucha. Chocan as\u00ed dos posturas: la m\u00e1s dura, que pretende activar un paro nacional en septiembre, y otra m\u00e1s moderada, que apuesta a conservar el di\u00e1logo y la negociaci\u00f3n con la Casa Rosada hasta despu\u00e9s de las elecciones generales de octubre.<br \/>\nLa fractura se concretar\u00eda justo cuando el comando colegiado que integran H\u00e9ctor Daer, Juan Carlos Schmid y Carlos Acu\u00f1a hab\u00eda aceptado negociar para fin de a\u00f1o un liderazgo \u00fanico en la CGT y cuando algunos sectores disidentes se hab\u00edan acercado para avanzar hacia una reunificaci\u00f3n casi plena. Este debate qued\u00f3 ahora postergado por una interna que hierve. En el nuevo mapa, quedar\u00eda de un lado el ala m\u00e1s moderada de la CGT, cuyos integrantes son \u201clos Gordos\u201d (grandes gremios de servicios) y \u201clos independientes\u201d (Uocra y los estatales de UPCN y Obras Sanitarias). La voz cantante de este sector la lleva H\u00e9ctor Daer (Sanidad), que manifest\u00f3 en reuniones reservadas su desacuerdo con la movilizaci\u00f3n de este 22 y con llamar a un paro general. Del otro lado quedar\u00eda un basti\u00f3n aparentemente m\u00e1s combativo, dispuesto a resistir cualquier intento oficial de una reforma laboral. En este grupo, que domina la variedad de sectores, se encuentran los gremios que responden a Hugo Moyano y a Luis Barrionuevo, pero tambi\u00e9n el pu\u00f1ado de organizaciones que integran la Corriente Federal, que encabeza el bancario Sergio Palazzo. En el medio, ni en un lado ni en el otro, hay otro grupo influyente que a\u00fan no defini\u00f3 su postura, pero que podr\u00eda inclinar la balanza e irse con \u201clos Gordos\u201d. Se trata de los 40 gremios que integran el Movimiento de Acci\u00f3n Sindical Argentina (MASA), que lidera el taxista Omar Viviani.<\/p>\n<p>Fuentes: * Economistas de la Universidad Nacional de Avellaneda (Undav) e integrantes del colectivo EPPA.<\/p>\n<h6>Fuente: El Diario de Madryn<\/h6>\n","protected":false},"excerpt":{"rendered":"<p>Especialistas afirman que la reforma laboral brasile\u00f1a ha impulsado al gobierno de Macri y a sectores empresarios a proponer una similar para reducir derechos de trabajadores.<\/p>\n","protected":false},"author":2,"featured_media":66795,"comment_status":"closed","ping_status":"closed","sticky":false,"template":"","format":"standard","meta":{"footnotes":""},"categories":[8],"tags":[21],"class_list":["post-66794","post","type-post","status-publish","format-standard","has-post-thumbnail","hentry","category-informe-nacional","tag-argentina"],"_links":{"self":[{"href":"http:\/\/argentinamunicipal.com.ar\/argentina\/wp-json\/wp\/v2\/posts\/66794","targetHints":{"allow":["GET"]}}],"collection":[{"href":"http:\/\/argentinamunicipal.com.ar\/argentina\/wp-json\/wp\/v2\/posts"}],"about":[{"href":"http:\/\/argentinamunicipal.com.ar\/argentina\/wp-json\/wp\/v2\/types\/post"}],"author":[{"embeddable":true,"href":"http:\/\/argentinamunicipal.com.ar\/argentina\/wp-json\/wp\/v2\/users\/2"}],"replies":[{"embeddable":true,"href":"http:\/\/argentinamunicipal.com.ar\/argentina\/wp-json\/wp\/v2\/comments?post=66794"}],"version-history":[{"count":0,"href":"http:\/\/argentinamunicipal.com.ar\/argentina\/wp-json\/wp\/v2\/posts\/66794\/revisions"}],"wp:featuredmedia":[{"embeddable":true,"href":"http:\/\/argentinamunicipal.com.ar\/argentina\/wp-json\/wp\/v2\/media\/66795"}],"wp:attachment":[{"href":"http:\/\/argentinamunicipal.com.ar\/argentina\/wp-json\/wp\/v2\/media?parent=66794"}],"wp:term":[{"taxonomy":"category","embeddable":true,"href":"http:\/\/argentinamunicipal.com.ar\/argentina\/wp-json\/wp\/v2\/categories?post=66794"},{"taxonomy":"post_tag","embeddable":true,"href":"http:\/\/argentinamunicipal.com.ar\/argentina\/wp-json\/wp\/v2\/tags?post=66794"}],"curies":[{"name":"wp","href":"https:\/\/api.w.org\/{rel}","templated":true}]}}