{"id":66803,"date":"2017-08-22T06:04:36","date_gmt":"2017-08-22T09:04:36","guid":{"rendered":"http:\/\/argentinamunicipal.com.ar\/argentina\/?p=66803"},"modified":"2017-08-22T08:06:31","modified_gmt":"2017-08-22T11:06:31","slug":"productores-porcinos-piden-auxilio-las-provincias-evitar-la-importacion-cerdos","status":"publish","type":"post","link":"http:\/\/argentinamunicipal.com.ar\/argentina\/productores-porcinos-piden-auxilio-las-provincias-evitar-la-importacion-cerdos\/","title":{"rendered":"Productores porcinos piden auxilio a las provincias para evitar la importaci\u00f3n de cerdos"},"content":{"rendered":"<p>La medida adoptada por el Gobierno provoc\u00f3 la reacci\u00f3n contraria de todas las entidades del campo, a excepci\u00f3n de la Sociedad Rural Argentina.<\/p>\n<p>Productores porcinos volvieron este lunes a rechazar el ingreso de cerdos desde Estados Unidos que el Gobierno habilit\u00f3 la semana pasada porque generar\u00e1 un \u00abgrave problema sanitario y competencia desleal\u00bb. Pidieron a las provincias que bloqueen el ingrese de estos productos.<\/p>\n<p>La medida adoptada por el Gobierno provoc\u00f3 la reacci\u00f3n contraria de todas las entidades del campo, a excepci\u00f3n de la Sociedad Rural Argentina (SRA), encabezada por Luis Miguel Etchevehere, quien sostuvo que \u00abel comercio que sirve es el de ida y vuelta\u00bb.<\/p>\n<p>Por el contrario, y en l\u00ednea con Federaci\u00f3n Agraria Argentina, Confederaciones Rurales Argentinas (CRA) y Coninagro, la Asociaci\u00f3n Argentina de Productores Porcinos, alert\u00f3 sobre la crisis sanitaria y comercial que podr\u00eda generar la importaci\u00f3n de cerdos que estaba cerrada desde hace 25 a\u00f1os.<\/p>\n<p>Juan Uccelli, el titular de la Asociaci\u00f3n, se quej\u00f3 tambi\u00e9n porque \u00abla semana pasada se abri\u00f3 el mercado de carne de cerdo para vender a la Argentina y el jueves dijeron que era un canje por los limones\u00bb.<\/p>\n<p>El dirigente indic\u00f3 que fueron invitados a una reuni\u00f3n por el ministro de Agroindustria, Ricardo Buryaile, aunque estim\u00f3 que ser\u00e1 \u00abun encuentro formal\u00bb, pues la decisi\u00f3n fue tomada por el ministro de Producci\u00f3n, Fracisco Cabrera.<\/p>\n<p>El directivo se\u00f1al\u00f3 que desde la entidad que preside intentar\u00e1n reuniones con jefes provinciales para impedir que se concrete la importaci\u00f3n de cerdos ante los riesgos que podr\u00edan generarse.<\/p>\n<p>\u00abEstamos en un problema grave desde el punto de vista sanitario, porque el ingreso de esa carne puede condicionar el futuro de la producci\u00f3n porcina nacional\u00bb, a\u00f1adi\u00f3.<\/p>\n<p>Dijo que \u00abcon la apertura de las importaciones se genera una competencia desleal, traen productos congelados y los descongelan para venderlo como si fuera producto fresco\u00bb.<\/p>\n<p>Adem\u00e1s, se\u00f1al\u00f3 que en Estados Unidos estos animales est\u00e1n afectados por una enfermedad que no existe en la Argentina.<\/p>\n<p>\u00abArgentina es libre de una infermedad que tiene Estados Unidos y que ellos se han encargado de diseminar por todo el mundo y en Am\u00e9rica en especial\u00bb, alert\u00f3 en declaraciones a radio El Mundo.<\/p>\n<p>Explic\u00f3 que \u00abac\u00e1 hacemos todos productos frescos\u00bb aunque reconoci\u00f3 que \u00abhay que seguir importando para la industria que produce fiambres de segunda\u00bb.<\/p>\n<h6>Fuente: Uno Mendoza<\/h6>\n","protected":false},"excerpt":{"rendered":"<p>La medida adoptada por el Gobierno provoc\u00f3 la reacci\u00f3n contraria de todas las entidades del campo, a excepci\u00f3n de la Sociedad Rural Argentina.<\/p>\n","protected":false},"author":2,"featured_media":66804,"comment_status":"closed","ping_status":"closed","sticky":false,"template":"","format":"standard","meta":{"footnotes":""},"categories":[8],"tags":[21],"class_list":["post-66803","post","type-post","status-publish","format-standard","has-post-thumbnail","hentry","category-informe-nacional","tag-argentina"],"_links":{"self":[{"href":"http:\/\/argentinamunicipal.com.ar\/argentina\/wp-json\/wp\/v2\/posts\/66803","targetHints":{"allow":["GET"]}}],"collection":[{"href":"http:\/\/argentinamunicipal.com.ar\/argentina\/wp-json\/wp\/v2\/posts"}],"about":[{"href":"http:\/\/argentinamunicipal.com.ar\/argentina\/wp-json\/wp\/v2\/types\/post"}],"author":[{"embeddable":true,"href":"http:\/\/argentinamunicipal.com.ar\/argentina\/wp-json\/wp\/v2\/users\/2"}],"replies":[{"embeddable":true,"href":"http:\/\/argentinamunicipal.com.ar\/argentina\/wp-json\/wp\/v2\/comments?post=66803"}],"version-history":[{"count":0,"href":"http:\/\/argentinamunicipal.com.ar\/argentina\/wp-json\/wp\/v2\/posts\/66803\/revisions"}],"wp:featuredmedia":[{"embeddable":true,"href":"http:\/\/argentinamunicipal.com.ar\/argentina\/wp-json\/wp\/v2\/media\/66804"}],"wp:attachment":[{"href":"http:\/\/argentinamunicipal.com.ar\/argentina\/wp-json\/wp\/v2\/media?parent=66803"}],"wp:term":[{"taxonomy":"category","embeddable":true,"href":"http:\/\/argentinamunicipal.com.ar\/argentina\/wp-json\/wp\/v2\/categories?post=66803"},{"taxonomy":"post_tag","embeddable":true,"href":"http:\/\/argentinamunicipal.com.ar\/argentina\/wp-json\/wp\/v2\/tags?post=66803"}],"curies":[{"name":"wp","href":"https:\/\/api.w.org\/{rel}","templated":true}]}}