{"id":66809,"date":"2017-08-22T08:13:36","date_gmt":"2017-08-22T11:13:36","guid":{"rendered":"http:\/\/argentinamunicipal.com.ar\/argentina\/?p=66809"},"modified":"2017-08-22T08:13:36","modified_gmt":"2017-08-22T11:13:36","slug":"san-martin-los-andes-no-logro-salir-la-emergencia-habitacional","status":"publish","type":"post","link":"http:\/\/argentinamunicipal.com.ar\/argentina\/san-martin-los-andes-no-logro-salir-la-emergencia-habitacional\/","title":{"rendered":"San Mart\u00edn de los Andes no logr\u00f3 salir de la emergencia habitacional"},"content":{"rendered":"<p>El Concejo Deliberante prorrog\u00f3 la declaraci\u00f3n del a\u00f1o pasado al no haberse saldado el d\u00e9ficit.<\/p>\n<p>San Mart\u00edn de los Andes sigue en emergencia habitacional. El\u00a0Concejo Deliberante\u00a0prorrog\u00f3 la ordenanza que declar\u00f3 esa situaci\u00f3n en la jurisdicci\u00f3n durante 2016, al considerar que la comunidad contin\u00faa en una situaci\u00f3n cr\u00edtica en cuanto a la disponibilidad de viviendas.<br \/>\nEntre los argumentos de la pr\u00f3rroga se mencion\u00f3 la persistencia del Departamento Ejecutivo de dar continuidad a las gestiones ante instancias gubernamentales superiores, considerando que la Declaraci\u00f3n de Emergencia Habitacional constituye una herramienta para disponer de fondos extraordinarios para dar respuesta a la demanda habitacional.<\/p>\n<p>Citado por el portal San Mart\u00edn a Diario, el concejal Mart\u00edn Rodr\u00edguez, de Unidad Ciudadana, sostuvo: \u201cAcompa\u00f1amos la sanci\u00f3n de la pr\u00f3rroga porque, fundamentalmente, estamos en emergencia habitacional. El texto aprobado intenta superar el car\u00e1cter declarativo, poner el foco del estado sobre el problema, dar atributos de gesti\u00f3n singulares para gestionar fondos y un plan de acci\u00f3n de recursos, que dicen cu\u00e1les son las tareas del Ejecutivo, del Deliberante y de las organizaciones de la comunidad\u201d.<\/p>\n<p>El concejal del PRO Gerardo Schroh propuso \u201clograr un acuerdo en una mesa de trabajo integral con las instituciones gubernamentales y no gubernamentales, se sentar\u00e1n los distintos \u00e1mbitos que podr\u00edan trabajar en conjunto\u201d, a la vez que pronunci\u00f3 la necesidad de elaborar un censo local con datos precisos para la correcta planificaci\u00f3n de las necesidades de la poblaci\u00f3n.<\/p>\n<p>Sergio Winkelman, quien presidi\u00f3 el cuerpo durante la sesi\u00f3n, se quej\u00f3 porque \u201cel uso abusivo de la palabra emergencia est\u00e1 desvirtuando su significado\u201d, aunque reconoci\u00f3 que la problem\u00e1tica habitacional es compleja.<\/p>\n<p>\u201cEn una comunidad que ha duplicado su poblaci\u00f3n en los \u00faltimos 20 a\u00f1os hay varios inconvenientes, como el vertedero, los servicios, el gas y la vivienda\u201d. Sergio inkelman. Presidente del Concejo de San Mart\u00edn de los Andes<\/p>\n<h6>Fuente: La Ma\u00f1ana Neuqu\u00e9n<\/h6>\n","protected":false},"excerpt":{"rendered":"<p>El Concejo Deliberante prorrog\u00f3 la declaraci\u00f3n del a\u00f1o pasado al no haberse saldado el d\u00e9ficit.<\/p>\n","protected":false},"author":2,"featured_media":66810,"comment_status":"closed","ping_status":"closed","sticky":false,"template":"","format":"standard","meta":{"footnotes":""},"categories":[2],"tags":[23],"class_list":["post-66809","post","type-post","status-publish","format-standard","has-post-thumbnail","hentry","category-informe-municipal","tag-neuquen"],"_links":{"self":[{"href":"http:\/\/argentinamunicipal.com.ar\/argentina\/wp-json\/wp\/v2\/posts\/66809","targetHints":{"allow":["GET"]}}],"collection":[{"href":"http:\/\/argentinamunicipal.com.ar\/argentina\/wp-json\/wp\/v2\/posts"}],"about":[{"href":"http:\/\/argentinamunicipal.com.ar\/argentina\/wp-json\/wp\/v2\/types\/post"}],"author":[{"embeddable":true,"href":"http:\/\/argentinamunicipal.com.ar\/argentina\/wp-json\/wp\/v2\/users\/2"}],"replies":[{"embeddable":true,"href":"http:\/\/argentinamunicipal.com.ar\/argentina\/wp-json\/wp\/v2\/comments?post=66809"}],"version-history":[{"count":0,"href":"http:\/\/argentinamunicipal.com.ar\/argentina\/wp-json\/wp\/v2\/posts\/66809\/revisions"}],"wp:featuredmedia":[{"embeddable":true,"href":"http:\/\/argentinamunicipal.com.ar\/argentina\/wp-json\/wp\/v2\/media\/66810"}],"wp:attachment":[{"href":"http:\/\/argentinamunicipal.com.ar\/argentina\/wp-json\/wp\/v2\/media?parent=66809"}],"wp:term":[{"taxonomy":"category","embeddable":true,"href":"http:\/\/argentinamunicipal.com.ar\/argentina\/wp-json\/wp\/v2\/categories?post=66809"},{"taxonomy":"post_tag","embeddable":true,"href":"http:\/\/argentinamunicipal.com.ar\/argentina\/wp-json\/wp\/v2\/tags?post=66809"}],"curies":[{"name":"wp","href":"https:\/\/api.w.org\/{rel}","templated":true}]}}