{"id":66821,"date":"2017-08-22T08:25:18","date_gmt":"2017-08-22T11:25:18","guid":{"rendered":"http:\/\/argentinamunicipal.com.ar\/argentina\/?p=66821"},"modified":"2017-08-22T08:25:18","modified_gmt":"2017-08-22T11:25:18","slug":"advierten-tierra-del-fuego-podria-dejar-recibir-mil-millones-pesos","status":"publish","type":"post","link":"http:\/\/argentinamunicipal.com.ar\/argentina\/advierten-tierra-del-fuego-podria-dejar-recibir-mil-millones-pesos\/","title":{"rendered":"Advierten que Tierra del Fuego podr\u00eda dejar de recibir mil millones de pesos"},"content":{"rendered":"<p>Es si prospera el reclamo de la gobernadora de Buenos Aires para que se actualice el Fondo del Conurbano. La provincia recibe esos recursos en concepto de coparticipaci\u00f3n. La medida tambi\u00e9n alcanzar\u00eda a otras provincias.<\/p>\n<p>En\u00a0declaraciones radiales el presidente de la Agencia de Recaudaci\u00f3n Fueguina (AREF), Luis Capellano, estim\u00f3 que Tierra del Fuego podr\u00eda perder \u201cmil millones\u201d de pesos de resultar favorable al reclamo de la gobernadora de Buenos Aires, Mar\u00eda Vidal, ante la Corte Suprema de Justicia.<br \/>\nConcretamente, Vidal reclama la actualizaci\u00f3n del Fondo del Conurbano y, de prosperar como se especula una vez sorteadas las elecciones de octubre, el impacto sobre la provincia ser\u00eda multimillonario.<br \/>\nEn ese sentido, Capellano record\u00f3 la postura de la diputada macrista Elisa Carri\u00f3, cuando carg\u00f3 en un medio contra el nivel de coparticipaci\u00f3n fueguina: \u201cEs una barrabasada porque no tiene en cuenta cu\u00e1les fueron los fundamentos por los cuales se defini\u00f3 esta coparticipaci\u00f3n\u201d.<br \/>\nEn esa l\u00ednea, marc\u00f3 que \u201clos fueguinos tienen que estar tranquilos porque, tanto el 032 como el 038, que fueron dos decretos ratificados por una ley-convenio, de la \u00fanica manera que se podr\u00edan modificar ser\u00eda a trav\u00e9s de una nueva ley-convenio con el acuerdo del 100% de las provincias\u201d, ya que \u201cac\u00e1 no hay mayor\u00eda ni dos tercios, sino que tiene que ser el 100%\u201d.<br \/>\nCapellano dijo a FM La Isla que \u201clo que se dijo de parte de Carri\u00f3 fue en un contexto preeleccionario y no tiene sustancia\u201d, pero m\u00e1s all\u00e1 de la imposibilidad de modificar los \u00edndices existe riesgo de que se cambie el monto a repartir y all\u00ed s\u00ed habr\u00e1 afectaci\u00f3n a todas las jurisdicciones, entre ellas la fueguina.<br \/>\nEl funcionario explic\u00f3 que \u201ces un tema preocupante por el perjuicio y adem\u00e1s hay que tener en cuenta la futura coparticipaci\u00f3n por el proyecto de ley que se est\u00e1 presentando sobre d\u00e9bitos y cr\u00e9ditos, y la tasa que van a pagar las empresas\u201d.<br \/>\n\u201cSi la Corte fallara a favor de la provincia de Buenos Aires, Tierra del Fuego se ver\u00eda perjudicada en mil millones de pesos respecto de lo que recibe de coparticipaci\u00f3n\u201d, advirti\u00f3.<br \/>\nDijo que la distribuci\u00f3n que se har\u00eda, ya no tendr\u00eda el tope de 600 millones para la provincia de Buenos Aires y \u201chabr\u00eda 60 mil millones m\u00e1s que se repartir\u00edan, de los cuales recibir\u00eda una parte m\u00e1s Buenos Aires y se le menguar\u00eda al resto de las provincias el monto a recibir\u201d.<br \/>\nEn caso de que la diferencia para Buenos Aires no se reste de la parte que corresponde a las provincias, sino a la Naci\u00f3n, Capellano asegur\u00f3 que igual habr\u00e1 afectaci\u00f3n: \u201cSi la tiene que poner el Estado ya es un motivo de preocupaci\u00f3n de la Secretar\u00eda de Hacienda, para ver de d\u00f3nde consiguen los fondos\u201d.<br \/>\nCapellano mencion\u00f3 que \u201chay un proyecto de un nuevo impuesto para la ley de cheques, la ley de d\u00e9bitos y cr\u00e9ditos, y ese proyecto tambi\u00e9n estar\u00eda perjudicando la coparticipaci\u00f3n\u201d, a lo que sum\u00f3 que \u201ctambi\u00e9n hay un proyecto respecto de las rentas de las compa\u00f1\u00edas, que pagar\u00edan el 25% en vez del 35%, y el 10% restante lo pagar\u00edan si distribuyen utilidades\u201d. Y agreg\u00f3 que \u201ceso tambi\u00e9n estar\u00eda perjudicando la coparticipaci\u00f3n porque afecta la recaudaci\u00f3n\u201d.<br \/>\nAsimismo, plante\u00f3 que \u201cya no solamente nos tendr\u00edamos que preocupar porque vamos a tener una menor coparticipaci\u00f3n por el fondo del conurbano, sino tambi\u00e9n por las dos adecuaciones normativas que se har\u00edan con estos dos proyectos\u201d.<br \/>\nPor \u00faltimo, Capellano expres\u00f3 que \u201chabr\u00e1 mucha tela para cortar porque no solamente nos va a afectar a nosotros sino a todas las provincias\u201d, aunque estim\u00f3 que Tierra del Fuego \u201cno est\u00e1 tan desamparada porque no es la \u00fanica afectada y, con un efecto hacia todos, va a ser m\u00e1s f\u00e1cil poder buscar una soluci\u00f3n\u201d.<\/p>\n<h6>Fuente: El Diario del Fin del Mundo<\/h6>\n","protected":false},"excerpt":{"rendered":"<p>Es si prospera el reclamo de la gobernadora de Buenos Aires para que se actualice el Fondo del Conurbano. La provincia recibe esos recursos en concepto de coparticipaci\u00f3n. La medida tambi\u00e9n alcanzar\u00eda a otras provincias.<\/p>\n","protected":false},"author":2,"featured_media":66822,"comment_status":"closed","ping_status":"closed","sticky":false,"template":"","format":"standard","meta":{"footnotes":""},"categories":[65],"tags":[34],"class_list":["post-66821","post","type-post","status-publish","format-standard","has-post-thumbnail","hentry","category-provincias","tag-tierra-del-fuego"],"_links":{"self":[{"href":"http:\/\/argentinamunicipal.com.ar\/argentina\/wp-json\/wp\/v2\/posts\/66821","targetHints":{"allow":["GET"]}}],"collection":[{"href":"http:\/\/argentinamunicipal.com.ar\/argentina\/wp-json\/wp\/v2\/posts"}],"about":[{"href":"http:\/\/argentinamunicipal.com.ar\/argentina\/wp-json\/wp\/v2\/types\/post"}],"author":[{"embeddable":true,"href":"http:\/\/argentinamunicipal.com.ar\/argentina\/wp-json\/wp\/v2\/users\/2"}],"replies":[{"embeddable":true,"href":"http:\/\/argentinamunicipal.com.ar\/argentina\/wp-json\/wp\/v2\/comments?post=66821"}],"version-history":[{"count":0,"href":"http:\/\/argentinamunicipal.com.ar\/argentina\/wp-json\/wp\/v2\/posts\/66821\/revisions"}],"wp:featuredmedia":[{"embeddable":true,"href":"http:\/\/argentinamunicipal.com.ar\/argentina\/wp-json\/wp\/v2\/media\/66822"}],"wp:attachment":[{"href":"http:\/\/argentinamunicipal.com.ar\/argentina\/wp-json\/wp\/v2\/media?parent=66821"}],"wp:term":[{"taxonomy":"category","embeddable":true,"href":"http:\/\/argentinamunicipal.com.ar\/argentina\/wp-json\/wp\/v2\/categories?post=66821"},{"taxonomy":"post_tag","embeddable":true,"href":"http:\/\/argentinamunicipal.com.ar\/argentina\/wp-json\/wp\/v2\/tags?post=66821"}],"curies":[{"name":"wp","href":"https:\/\/api.w.org\/{rel}","templated":true}]}}