{"id":66824,"date":"2017-08-22T08:27:20","date_gmt":"2017-08-22T11:27:20","guid":{"rendered":"http:\/\/argentinamunicipal.com.ar\/argentina\/?p=66824"},"modified":"2017-08-22T08:27:20","modified_gmt":"2017-08-22T11:27:20","slug":"chile-arranca-la-campana-pinera-gran-favorito","status":"publish","type":"post","link":"http:\/\/argentinamunicipal.com.ar\/argentina\/chile-arranca-la-campana-pinera-gran-favorito\/","title":{"rendered":"Chile arranca la campa\u00f1a con Pi\u00f1era como gran favorito"},"content":{"rendered":"<p>Bachelet est\u00e1 muy desprestigiada y la antigua Concertaci\u00f3n se ha quebrado. El ex presidente les saca gran ventaja a sus adversarios<\/p>\n<p>Chile arranc\u00f3 oficialmente la campa\u00f1a electoral para los comicios generales de noviembre, con el fin del plazo terminado ayer para la inscripci\u00f3n de candidaturas a la presidencia, lideradas por la de Sebasti\u00e1n Pi\u00f1era, favorito para suceder a Michelle Bachelet. Pi\u00f1era ostenta 44 por ciento de favores contra apenas 20 por ciento del candidato del oficialismo, y podr\u00eda ganar la presidencia en la primera vuelta. Siete postulantes se presentar\u00e1n en la primera vuelta de los comicios generales del 19 de noviembre, para elegir al sucesor de Bachelet, que asumir\u00e1 el 1\u00ba de marzo del pr\u00f3ximo a\u00f1o. Adem\u00e1s, los chilenos est\u00e1n convocados a renovar las dos c\u00e1maras del Parlamento y los consejos regionales.<\/p>\n<p>Seg\u00fan el \u00faltimo sondeo divulgado por el Canal 1, Pi\u00f1era, quien ya gobern\u00f3 Chile de 2010 a 2014, aparece en cabeza con el 44 por ciento de las intenciones de voto. Muy por detr\u00e1s aparecen Alejandro Guillier, el candidato de la gobernante Nueva Mayor\u00eda, con apenas 20 por ciento de intenciones de voto, seguido por Beatriz S\u00e1nchez, candidata de la izquierda aglutinada en el Frente Amplio, con el 16 por ciento.<\/p>\n<p>M\u00e1s alejados a\u00fan est\u00e1n Carolina Goic, la candidata de la Democracia Cristiana, que pese a formar parte de la Nueva Mayor\u00eda ha decidido probar suerte en solitario, con el 5 por ciento, empatada con Jos\u00e9 Antonio Kast (Ev\u00f3poli) o el que fuera la sorpresa de elecciones de 2009, Marco Enr\u00edquez Ominami, con un exiguo 2 por ciento.<\/p>\n<p>Pero quiz\u00e1, el dato m\u00e1s indicativo es que el 68 por ciento de los 711 entrevistados el jueves y viernes de la semana pasada para esta encuesta de la consultora Cadem, que cuenta con un margen de error del 3,7 por ciento, dan por descontado que el pr\u00f3ximo presidente ser\u00e1 Pi\u00f1era. El pol\u00edtico y magnate, que seg\u00fan Forbes posee una fortuna de 2.700 millones de d\u00f3lares, podr\u00eda incluso convertirse en presidente ya en la primera vuelta.<\/p>\n<p>\u00abHoy d\u00eda la duda est\u00e1 instalada si Pi\u00f1era es capaz de ganar en primera vuelta\u00bb, dice el acad\u00e9mico de la Universidad de Talca Mauricio Morales en conversaci\u00f3n con la agencia AFP. Ello podr\u00eda depender de si hay un alto nivel de abstenci\u00f3n el pr\u00f3ximo 19 de noviembre.<\/p>\n<p>El pobre desempe\u00f1o econ\u00f3mico de Chile, que en el primer semestre del a\u00f1o registr\u00f3 un crecimiento del PIB del 0,5 por ciento -el peor desde 2009 en plena crisis financiera mundial-, el descontento generalizado con las reformas emprendidas por Bachelet, y el caso de corrupci\u00f3n que implic\u00f3 a su hijo y a su nuera al inicio de su mandato han jugado a favor del auge de la candidatura de Pi\u00f1era, seg\u00fan Morales.<\/p>\n<p><strong>Alta desaprobaci\u00f3n<\/strong><\/p>\n<p>En la encuesta de Cadem, un 25 por ciento aprueba la gesti\u00f3n de la mandataria socialista, pero por otro lado la desaprueba un nivel alt\u00edsimo, del 61 por ciento. La actual situaci\u00f3n tambi\u00e9n ha pasado factura a la coalici\u00f3n de centroizquierda que ha gobernado el pa\u00eds desde el final de la dictadura en 1990, con excepci\u00f3n del per\u00edodo de 2010-2014 en que lo hizo la centroderecha liderada por Pi\u00f1era.<\/p>\n<p>La Democracia Cristiana presenta no solo a Goic a la presidencia sino que tambi\u00e9n concurre con candidatos propios al Parlamento, deslig\u00e1ndose de la Nueva Mayor\u00eda por primera vez desde la vuelta de la democracia. A ello se suma la fragmentaci\u00f3n de la izquierda, que presenta cuatro candidatos, lo que hace muy plausible que Pi\u00f1era vuelva a recibir la banda presidencial de la socialista por segunda vez, ocho a\u00f1os despu\u00e9s. Ni siquiera el Frente Amplio, heredero de las manifestaciones estudiantiles de 2011, apoyar\u00eda a Guillier en una eventual segunda vuelta.<\/p>\n<h6>Fuente: La capital Rosario<\/h6>\n","protected":false},"excerpt":{"rendered":"<p>Bachelet est\u00e1 muy desprestigiada y la antigua Concertaci\u00f3n se ha quebrado. El ex presidente les saca gran ventaja a sus adversarios<\/p>\n","protected":false},"author":2,"featured_media":66825,"comment_status":"closed","ping_status":"closed","sticky":false,"template":"","format":"standard","meta":{"footnotes":""},"categories":[22],"tags":[57],"class_list":["post-66824","post","type-post","status-publish","format-standard","has-post-thumbnail","hentry","category-el-mundo","tag-el-mundo"],"_links":{"self":[{"href":"http:\/\/argentinamunicipal.com.ar\/argentina\/wp-json\/wp\/v2\/posts\/66824","targetHints":{"allow":["GET"]}}],"collection":[{"href":"http:\/\/argentinamunicipal.com.ar\/argentina\/wp-json\/wp\/v2\/posts"}],"about":[{"href":"http:\/\/argentinamunicipal.com.ar\/argentina\/wp-json\/wp\/v2\/types\/post"}],"author":[{"embeddable":true,"href":"http:\/\/argentinamunicipal.com.ar\/argentina\/wp-json\/wp\/v2\/users\/2"}],"replies":[{"embeddable":true,"href":"http:\/\/argentinamunicipal.com.ar\/argentina\/wp-json\/wp\/v2\/comments?post=66824"}],"version-history":[{"count":0,"href":"http:\/\/argentinamunicipal.com.ar\/argentina\/wp-json\/wp\/v2\/posts\/66824\/revisions"}],"wp:featuredmedia":[{"embeddable":true,"href":"http:\/\/argentinamunicipal.com.ar\/argentina\/wp-json\/wp\/v2\/media\/66825"}],"wp:attachment":[{"href":"http:\/\/argentinamunicipal.com.ar\/argentina\/wp-json\/wp\/v2\/media?parent=66824"}],"wp:term":[{"taxonomy":"category","embeddable":true,"href":"http:\/\/argentinamunicipal.com.ar\/argentina\/wp-json\/wp\/v2\/categories?post=66824"},{"taxonomy":"post_tag","embeddable":true,"href":"http:\/\/argentinamunicipal.com.ar\/argentina\/wp-json\/wp\/v2\/tags?post=66824"}],"curies":[{"name":"wp","href":"https:\/\/api.w.org\/{rel}","templated":true}]}}