{"id":66827,"date":"2017-08-22T08:29:17","date_gmt":"2017-08-22T11:29:17","guid":{"rendered":"http:\/\/argentinamunicipal.com.ar\/argentina\/?p=66827"},"modified":"2017-08-22T08:29:17","modified_gmt":"2017-08-22T11:29:17","slug":"bolivia-buscara-verdad","status":"publish","type":"post","link":"http:\/\/argentinamunicipal.com.ar\/argentina\/bolivia-buscara-verdad\/","title":{"rendered":"Bolivia buscar\u00e1 su verdad"},"content":{"rendered":"<p>Evo Morales nombr\u00f3 a los integrantes de la comisi\u00f3n para que informe sobre violaciones a los DD.HH. entre 1964 y 1982.<\/p>\n<p>Bolivia estableci\u00f3 ayer una comisi\u00f3n de la verdad para investigar las violaciones a los derechos humanos cometidos durante gobiernos militares en las d\u00e9cadas 1960, 1970 y 1980, aunque las Fuerzas Armadas se\u00f1alaron que existe poca informaci\u00f3n sobre esos a\u00f1os en sus archivos.<\/p>\n<p>El presidente Evo Morales, en el poder desde 2006, nombr\u00f3 por decreto a cinco miembros de la comisi\u00f3n, entre ellos el veterano exl\u00edder minero Edgar Ram\u00edrez, quienes tomaron posesi\u00f3n de su nuevo cargo en un acto p\u00fablico celebrado en el Palacio de Gobierno. La comisi\u00f3n nace casi 35 a\u00f1os despu\u00e9s del \u00faltimo gobierno militar, que entreg\u00f3 el poder a uno civil tras espor\u00e1dicas administraciones democr\u00e1ticas.<\/p>\n<p>Morales se\u00f1al\u00f3 que, seg\u00fan la informaci\u00f3n hist\u00f3rica existente, entre 1964 y 1982 se registraron \u201cal menos 1.392 pol\u00edticos asesinados, 486 desaparecidos y 2.868 exiliados y confinados\u201d.<\/p>\n<p>El \u00edcono de los desaparecidos es el l\u00edder socialista Marcelo Quiroga Santa Cruz, muerto en 1980 durante el golpe encabezado por el entonces general Luis Garc\u00eda Meza, hoy preso con una sentencia de 30 a\u00f1os.<\/p>\n<p>La comisi\u00f3n era una exigencia de las v\u00edctimas y familiares de las dictaduras militares, para que la historia boliviana dilucide esos oscuros momentos pol\u00edticos.<\/p>\n<p>El presidente de la organizaci\u00a2n Plataforma de Luchadores Sociales contra la Impunidad, por la Justicia y la Memoria Hist\u00f3rica del Pueblo Boliviano, Julio Llanos, dijo recientemente que la instancia debe ser para \u201cun resarcimiento integral a las v\u00edctimas, para establecer una verdad hist\u00f3rica de los hechos\u201d.<\/p>\n<p>La comisi\u00f3n es el resultado de una ley que el mismo Morales aprob\u00f3 en 2016. No obstante, las v\u00edctimas se hab\u00edan quejado del retraso en la designaci\u00f3n de los integrantes para llevar a cabo la investigaci\u00a2n.<\/p>\n<p>\u201cCuando hablamos de dictaduras y de golpes de Estado, hablamos de Estados Unidos y de todo un programa que obedece a una cuesti\u00f3n geopol\u00edtica de dominio y un dominio para saqueo de los recursos naturales\u201d, afirm\u00f3 el gobernante durante el acto oficial.<\/p>\n<p>De acuerdo a la legislaci\u00f3n, este comit\u00e9\u201a investigar\u00e1 asesinatos, desapariciones forzadas, torturas, detenciones arbitrarias y violencia sexual, cuando Bolivia estuvo gobernada por varios reg\u00edmenes militares de la derecha en d\u00e9cadas pasadas. El fin es tambi\u00e9n identificar a los responsables y sugerir eventuales procesos legales.<\/p>\n<p>El exl\u00edder minero Ram\u00edrez, actualmente director del archivo de la estatal Corporaci\u00f3n Minera de Bolivia (Comibol), subray\u00f3 en su discurso que \u201cla comisi\u00f3n de la verdad es para desentra\u00f1ar lo que verdaderamente ocurri\u00f3 en Bolivia, que ha sido lacerado por varias dictaduras\u201d.<\/p>\n<p>La ley obliga a que el Ministerio de Defensa, las Fuerzas Armadas e instituciones p\u00fablicas y privadas permitan el acceso a toda la documentaci\u00f3n existente sobre esos a\u00f1os, seg\u00fan indic\u00a2 el titular del \u00e1rea Reymi Ferreira. Empero, los militares reiteraron ayer que la informaci\u00f3n es escasa.<\/p>\n<p>El jefe de las Fuerzas Armadas, Luis Ari\u00f1ez, dijo que debe haber alguna informaci\u00f3n, pero descart\u00f3 que en los archivos est\u00e9 \u201ctoda la historia\u201d. \u201cEs posible que todos esos archivos hayan sido destruidos en su momento\u201d, aunque asegur\u00f3 que entregar\u00e1n el material \u201cque dispongamos\u201d.<\/p>\n<p>Morales tom\u00f3 la decisi\u00f3n de crear la comisi\u00f3n tras un primer proceso para indemnizar a las v\u00edctimas, luego de una revisi\u00f3n de datos que realiz\u00f3 el Ministerio de Justicia. Pero las v\u00edctimas exig\u00edan la verdad hist\u00f3rica de los hechos y una indemnizaci\u00f3n integral, pues consideran que los montos cancelados eran irrisorios frente a los vej\u00e1menes sufridos.<\/p>\n<p>La instancia investigadora es el segundo intento de Bolivia para averiguar qu\u00e9 ocurri\u00f3 desde 1964 hasta 1982. La primera vez fue impulsada en 1982 por el entonces presidente izquierdista Hern\u00e1n Siles, apenas instalado en el poder. La nueva comisi\u00f3n de la verdad esta integrada por Ram\u00edrez, Nila Heredia, exministra de Salud de Evo Morales; el exasesor jur\u00eddico de Gobierno, Eusebio Gironda; el exdirigente sindical Teodoro Barrientos, y la activista Isabel Viscarra.<\/p>\n<h6>Fuente: P\u00e1gina 12<\/h6>\n","protected":false},"excerpt":{"rendered":"<p>Evo Morales nombr\u00f3 a los integrantes de la comisi\u00f3n para que informe sobre violaciones a los DD.HH. entre 1964 y 1982.<\/p>\n","protected":false},"author":2,"featured_media":66828,"comment_status":"closed","ping_status":"closed","sticky":false,"template":"","format":"standard","meta":{"footnotes":""},"categories":[22],"tags":[57],"class_list":["post-66827","post","type-post","status-publish","format-standard","has-post-thumbnail","hentry","category-el-mundo","tag-el-mundo"],"_links":{"self":[{"href":"http:\/\/argentinamunicipal.com.ar\/argentina\/wp-json\/wp\/v2\/posts\/66827","targetHints":{"allow":["GET"]}}],"collection":[{"href":"http:\/\/argentinamunicipal.com.ar\/argentina\/wp-json\/wp\/v2\/posts"}],"about":[{"href":"http:\/\/argentinamunicipal.com.ar\/argentina\/wp-json\/wp\/v2\/types\/post"}],"author":[{"embeddable":true,"href":"http:\/\/argentinamunicipal.com.ar\/argentina\/wp-json\/wp\/v2\/users\/2"}],"replies":[{"embeddable":true,"href":"http:\/\/argentinamunicipal.com.ar\/argentina\/wp-json\/wp\/v2\/comments?post=66827"}],"version-history":[{"count":0,"href":"http:\/\/argentinamunicipal.com.ar\/argentina\/wp-json\/wp\/v2\/posts\/66827\/revisions"}],"wp:featuredmedia":[{"embeddable":true,"href":"http:\/\/argentinamunicipal.com.ar\/argentina\/wp-json\/wp\/v2\/media\/66828"}],"wp:attachment":[{"href":"http:\/\/argentinamunicipal.com.ar\/argentina\/wp-json\/wp\/v2\/media?parent=66827"}],"wp:term":[{"taxonomy":"category","embeddable":true,"href":"http:\/\/argentinamunicipal.com.ar\/argentina\/wp-json\/wp\/v2\/categories?post=66827"},{"taxonomy":"post_tag","embeddable":true,"href":"http:\/\/argentinamunicipal.com.ar\/argentina\/wp-json\/wp\/v2\/tags?post=66827"}],"curies":[{"name":"wp","href":"https:\/\/api.w.org\/{rel}","templated":true}]}}