{"id":66839,"date":"2017-08-23T06:50:36","date_gmt":"2017-08-23T09:50:36","guid":{"rendered":"http:\/\/argentinamunicipal.com.ar\/argentina\/?p=66839"},"modified":"2017-08-23T06:50:36","modified_gmt":"2017-08-23T09:50:36","slug":"venimos-la-demanda-trabajo-digno-salario-justo","status":"publish","type":"post","link":"http:\/\/argentinamunicipal.com.ar\/argentina\/venimos-la-demanda-trabajo-digno-salario-justo\/","title":{"rendered":"\u201cVenimos con la demanda de trabajo digno y salario justo\u201d"},"content":{"rendered":"<p>Juan Carlos Schmid, \u00fanico orador del acto que cerr\u00f3 la marcha, critic\u00f3 la pol\u00edtica econ\u00f3mica de Mauricio Macri y le reclam\u00f3 al Gobierno cambiar \u201cla desigualdad y la injusticia\u201d. A fines de septiembre la CGT evaluar\u00e1 la convocatoria a un paro general.<\/p>\n<p>Y marcha de la CGT se hizo. Cont\u00f3 con un solo orador, el triunviro Juan Carlos Schmid, que integra el moyanismo, el sector que motoriz\u00f3 con mayor ah\u00ednco la movilizaci\u00f3n, y anunci\u00f3 la convocatoria a un Comit\u00e9 Central Confederal (CCC) para el 25 de septiembre donde se evaluar\u00e1 la posible convocatoria a un paro general. Schmid busc\u00f3 despegar el multitudinario acto de cualquier opci\u00f3n electoral que ofrezca el peronismo, exigi\u00f3 la aparici\u00f3n con vida de Santiago Maldonado y, a modo de cr\u00edtica al Gobierno, \u00a0asegur\u00f3 que \u201cel trabajo es un derecho, el desempleo, la precarizaci\u00f3n y la ca\u00edda de los salarios explica el fracaso del modelo econ\u00f3mico\u201d.<\/p>\n<p>Fue un discurso corto, de apenas 13 minutos. Lo hizo desde un atril nuevo mientras unos metros m\u00e1s atr\u00e1s lo acompa\u00f1aba un grupo de dirigentes sociales que respaldaron la convocatoria. La representaci\u00f3n del Consejo Directivo de la CGT estuvo m\u00e1s que disminuida. No lleg\u00f3 ni a la mitad. Por caso, el triunviro H\u00e9ctor Daer sigui\u00f3 las alternativas del encuentro desde la columna de su sindicato de la Sanidad. Para los participantes del palco no era una novedad porque ya lo hab\u00eda anticipado al no estar de acuerdo con la movilizaci\u00f3n. Algo similar ocurri\u00f3 con la conducci\u00f3n de la UOM, cuyos integrantes se mantuvieron al frente de una columna que se estacion\u00f3 en Diagonal Sur, encabezada por Antonio Cal\u00f3, Francisco \u201cBarba\u201d Guti\u00e9rrez y el diputado nacional del FPV y metal\u00fargico Abel Furlan. En tanto, Gerardo Mart\u00ednez, de la Lucra, tampoco lleg\u00f3 al escenario. Desde el gremio informaron que lo sorprendi\u00f3 el comienzo del discurso mientras estaba con su columna.<\/p>\n<p>En rigor el acto se adelant\u00f3 casi dos horas. Una batahola entre regionales de Camioneros (Chubut vs. Santa Cruz) preocup\u00f3 a los organizadores que decidieron que Schmid hablara mucho antes de lo programado por temor a que se generalizara el desmadre. La disputa no fue menor: las partes en pugna no dudaron en hacerse de las cruces que representan en la Plaza de Mayo el cementerio de los ca\u00eddos de Malvinas para usarlas como proyectiles. Esto provoc\u00f3 m\u00e1s de un cuestionamiento a Pablo Moyano que se sintetizaba en que \u201cquiere conducir la CGT y no puede controlar a los suyos\u201d.<\/p>\n<p>El discurso de Schmid tuvo como primer destino la cuesti\u00f3n internacional. Se solidariz\u00f3 con el pueblo de Barcelona por el ataque terrorista del \u00faltimo jueves y luego repudi\u00f3 la amenaza de los Estados Unidos sobre Venezuela, al sostener que la central obrera \u201crechaza cualquier intervenci\u00f3n militar en nuestra Am\u00e9rica Latina\u201d. Inmediatamente reclam\u00f3 la aparici\u00f3n de Santiago Maldonado y remarc\u00f3 que \u201cla ministra de Seguridad (Patricia Bullrich), tan ejecutiva en desalojar obreros de las f\u00e1bricas, tiene que actuar con la misma celeridad porque nosotros no queremos que haya otro Julio L\u00f3pez\u201d.<\/p>\n<p>Luego el triunviro sumergi\u00f3 su discurso en la temporada electoral que vive el pa\u00eds: \u201cRecientemente hubo elecciones, pero este sector representa la creaci\u00f3n de riqueza en este pa\u00eds y no nos alcanza solamente con votar. No venimos a levantar la bandera de ning\u00fan candidato, ni venimos detr\u00e1s de ninguna conspiraci\u00f3n, venimos con una demanda: trabajo digno y salario justo\u201d, bram\u00f3.<\/p>\n<p>Dirigi\u00e9ndose ya al gobierno nacional, el titular de Dragado y Balizamiento repudi\u00f3 despu\u00e9s la tesis del macrismo que se\u00f1ala al sindicalismo como el elemento que estorba la modernizaci\u00f3n. \u201cRechazo cualquier acusaci\u00f3n que diga que los trabajadores atrasan al pa\u00eds o son un freno para las inversiones\u201d, dijo, y advirti\u00f3 que \u201cnosotros queremos un cambio, queremos que se cambie la desigualdad, la injusticia y cambiar inversiones por las importaciones. Venimos a buscar las respuestas a esta plaza porque la respuesta es pol\u00edtica y va a ser la pol\u00edtica la que va a sacar al pa\u00eds de la crisis\u201d. Por las dudas, agreg\u00f3 que \u201c\u00a1el trabajo no es la explotaci\u00f3n de unos vivos sobre los otros! Si no siempre va a haber conflictos en la calle de este pa\u00eds\u201d.<\/p>\n<p>Una vez finalizado el discurso, los que estaban en el palco entonaron la marcha peronista. All\u00ed estuvieron, el triunviro Carlos Acu\u00f1a, Andr\u00e9s Rodr\u00edguez (estatales), Julio Piumato (judiciales), V\u00edctor Santa Mar\u00eda (encargados de edificios), Omar Plaini (canillitas), Sergio Romero (docentes privados) y el diputado y ex jefe del gremio de Peajes Facundo Moyano, Abel Frutos (panaderos), Rodolfo Daer (alimentaci\u00f3n), Juan Pablo Brey (aeronavegantes) y Luis C\u00e1ceres (ladrilleros), entre otros. Tambi\u00e9n subieron al palco Esteban Castro, de CTEP; Juan Carlos Alderete, de la CCC, Daniel Men\u00e9ndez; de Barrios de Pie y el legislador porte\u00f1o Gustavo Vera.<\/p>\n<p>Lejos del palco, pero con una nutrida columna, se mostr\u00f3 la Corriente Federal de los Trabajadores. La encabez\u00f3 el bancario Sergio Palazzo junto a Walter Correa (Curtidores) y H\u00e9ctor Amichetti, entre otros dirigentes del sector. Junto a ellos marcharon Jorge Taiana y los diputados del FpV, H\u00e9ctor Recalde y Axel Kicillof. Otra de las columnas importantes fue la de los partidos que integran el Frente de Izquierda de los Trabajadores, con Nicol\u00e1s del Ca\u00f1o y Myriam Bregman a la cabeza.<\/p>\n<p>Los que no llegaron a la plaza y mucho menos al palco fueron dos integrantes del mundo aliado al moyanismo y cuyas organizaciones son estrat\u00e9gicas a la hora de realizar un paro general: Omar Maturano, de los ferroviarios de La Fraternidad; y Roberto Fern\u00e1ndez, de los colectiveros de UTA. El otro sector que no particip\u00f3 fue el MASA, que re\u00fane a una treintena de sindicatos que se referencian en Omar Viviani (taxistas) y Sergio Sassia (Uni\u00f3n Ferroviaria). Si bien el MASA pugna por un proyecto unificador de la CGT, su principal problema est\u00e1 en que sea el moyanismo el que pretenda encabezar la mentada unificaci\u00f3n.<\/p>\n<p>Las dos CTA tambi\u00e9n marcharon, con Hugo Yasky y Pablo Micheli al frente. Ninguno de los dos subi\u00f3 al palco. En principio, porque era una marcha organizada por la CGT, pero tambi\u00e9n por las inquinas que permanecen entre ambos dirigentes con algunos miembros de la CGT.<\/p>\n<p>En el momento del anuncio de la convocatoria al Confederal, que incluir\u00e1 el desarrollo de una agenda social y la posibilidad de convocar a un paro nacional, Schmid recibi\u00f3 el mayor aplauso que le dispens\u00f3 la multitud. El Gobierno rechaz\u00f3 de plano una posible huelga. Por caso, el presidente Mauricio Macri dijo que la movilizaci\u00f3n fue \u201cuna p\u00e9rdida de tiempo que no nos lleva a nada\u201d. En tanto, el ministro de Trabajo, Jorge Triaca, afirm\u00f3 que \u201cel paro no resuelve los problemas\u201d. Lo hizo mientras almorzaba con los dirigentes de las 62 Organizaciones. Ram\u00f3n Ayala, titular de las 62, asegur\u00f3 que su organizaci\u00f3n contin\u00faa \u201cacompa\u00f1ando\u201d al Gobierno y que \u201cel triunvirato de la CGT ha fracasado\u201d.<\/p>\n<h6>Fuente: P\u00e1gina 12<\/h6>\n","protected":false},"excerpt":{"rendered":"<p>Juan Carlos Schmid, \u00fanico orador del acto que cerr\u00f3 la marcha, critic\u00f3 la pol\u00edtica econ\u00f3mica de Mauricio Macri y le reclam\u00f3 al Gobierno cambiar \u201cla desigualdad y la injusticia\u201d.<\/p>\n","protected":false},"author":2,"featured_media":66840,"comment_status":"closed","ping_status":"closed","sticky":false,"template":"","format":"standard","meta":{"footnotes":""},"categories":[8],"tags":[21],"class_list":["post-66839","post","type-post","status-publish","format-standard","has-post-thumbnail","hentry","category-informe-nacional","tag-argentina"],"_links":{"self":[{"href":"http:\/\/argentinamunicipal.com.ar\/argentina\/wp-json\/wp\/v2\/posts\/66839","targetHints":{"allow":["GET"]}}],"collection":[{"href":"http:\/\/argentinamunicipal.com.ar\/argentina\/wp-json\/wp\/v2\/posts"}],"about":[{"href":"http:\/\/argentinamunicipal.com.ar\/argentina\/wp-json\/wp\/v2\/types\/post"}],"author":[{"embeddable":true,"href":"http:\/\/argentinamunicipal.com.ar\/argentina\/wp-json\/wp\/v2\/users\/2"}],"replies":[{"embeddable":true,"href":"http:\/\/argentinamunicipal.com.ar\/argentina\/wp-json\/wp\/v2\/comments?post=66839"}],"version-history":[{"count":0,"href":"http:\/\/argentinamunicipal.com.ar\/argentina\/wp-json\/wp\/v2\/posts\/66839\/revisions"}],"wp:featuredmedia":[{"embeddable":true,"href":"http:\/\/argentinamunicipal.com.ar\/argentina\/wp-json\/wp\/v2\/media\/66840"}],"wp:attachment":[{"href":"http:\/\/argentinamunicipal.com.ar\/argentina\/wp-json\/wp\/v2\/media?parent=66839"}],"wp:term":[{"taxonomy":"category","embeddable":true,"href":"http:\/\/argentinamunicipal.com.ar\/argentina\/wp-json\/wp\/v2\/categories?post=66839"},{"taxonomy":"post_tag","embeddable":true,"href":"http:\/\/argentinamunicipal.com.ar\/argentina\/wp-json\/wp\/v2\/tags?post=66839"}],"curies":[{"name":"wp","href":"https:\/\/api.w.org\/{rel}","templated":true}]}}