{"id":66842,"date":"2017-08-23T06:53:39","date_gmt":"2017-08-23T09:53:39","guid":{"rendered":"http:\/\/argentinamunicipal.com.ar\/argentina\/?p=66842"},"modified":"2017-08-23T06:53:39","modified_gmt":"2017-08-23T09:53:39","slug":"desde-la-cgt-dijeron-los-nuevos-empleos-genero-gobierno-corresponden-monotributistas","status":"publish","type":"post","link":"http:\/\/argentinamunicipal.com.ar\/argentina\/desde-la-cgt-dijeron-los-nuevos-empleos-genero-gobierno-corresponden-monotributistas\/","title":{"rendered":"Desde la CGT dijeron que los nuevos empleos que gener\u00f3 el Gobierno corresponden a monotributistas"},"content":{"rendered":"<p>El secretario general de los Canillitas, Omar Plaini, se refiri\u00f3 hoy a la movilizaci\u00f3n de la CGT a Plaza de Mayo al afirmar que mientras \u201csigue creciendo la pobreza\u201d el Gobierno nacional \u201clos \u00fanicos empleos que ha generado son los monotributistas\u201d.<\/p>\n<p>El secretario general de los Canillitas, Omar Plaini, se refiri\u00f3 hoy a la movilizaci\u00f3n de la CGT a Plaza de Mayo al afirmar que mientras \u201csigue creciendo la pobreza\u201d el Gobierno nacional \u201clos \u00fanicos empleos que ha generado son los monotributistas\u201d.<\/p>\n<p>El dirigente gremial neg\u00f3 en di\u00e1logo con INFOCIELO que la multitudinaria movilizaci\u00f3n de la Confederaci\u00f3n General del Trabajo (CGT) a la Plaza de Mayo tenga que ver con \u201ccon un puja de car\u00e1cter pol\u00edtico\u201d. De hecho dijo que no ser reunieron \u201cni para levantar candidaturas en las elecciones ni para conspirar contra el Gobierno\u201d.<\/p>\n<p>\u201cTal como lo dijo uno de nuestros secretarios generales (Juan Carlos Schmid), no nos reunimos para levantar candidaturas ni para conspirar contra el Gobierno, sino a plantear una problem\u00e1tica, que la pobreza est\u00e1 creciendo y que uno de cada tres argentinos no llega a fin de mes\u201d, alert\u00f3 Plaini.<\/p>\n<p>Asimismo, el secretario general del gremio de Canillitas minimiz\u00f3 los datos que difundieron desde Cambiemos sobre nuevos puestos de trabajo al afirmar que \u201cla mayor\u00eda corresponden a monotributistas\u201d. \u201cNosotros pedimos trabajo registrado y en relaci\u00f3n de dependencia\u201d, aclar\u00f3.<\/p>\n<p>\u201cEste gobierno est\u00e1 hace 20 meses y la reactivaci\u00f3n de la econom\u00eda no llega. Los \u00fanicos empleos que ha generado son los monotributistas, que no es un asalariado registrado: no tienen vacaciones, aguinaldo, ni licencia y eso es a lo que apuesta el gobierno\u201d, precis\u00f3 a la vez que agreg\u00f3: \u201cMientras ellos propone el emprendedurismo (sic) nosotros pedimos por trabajo registrado y en relaci\u00f3n de dependencia\u201d.<\/p>\n<p>\u201cEl 25 vamos a reunirnos en el Comit\u00e9 Central Confederal y de ah\u00ed vamos a decidir un plan de lucha contra este modelo de ajuste. Y de all\u00ed veremos. No descartamos llamar a un nuevo paro general\u201d, concluy\u00f3.<\/p>\n<h6>Fuente: InfoCielo<\/h6>\n","protected":false},"excerpt":{"rendered":"<p>El secretario general de los Canillitas, Omar Plaini, se refiri\u00f3 hoy a la movilizaci\u00f3n de la CGT a Plaza de Mayo al afirmar que mientras \u201csigue creciendo la pobreza\u201d el Gobierno nacional \u201clos \u00fanicos empleos que ha generado son los monotributistas\u201d.<\/p>\n","protected":false},"author":2,"featured_media":66843,"comment_status":"closed","ping_status":"closed","sticky":false,"template":"","format":"standard","meta":{"footnotes":""},"categories":[8],"tags":[21],"class_list":["post-66842","post","type-post","status-publish","format-standard","has-post-thumbnail","hentry","category-informe-nacional","tag-argentina"],"_links":{"self":[{"href":"http:\/\/argentinamunicipal.com.ar\/argentina\/wp-json\/wp\/v2\/posts\/66842","targetHints":{"allow":["GET"]}}],"collection":[{"href":"http:\/\/argentinamunicipal.com.ar\/argentina\/wp-json\/wp\/v2\/posts"}],"about":[{"href":"http:\/\/argentinamunicipal.com.ar\/argentina\/wp-json\/wp\/v2\/types\/post"}],"author":[{"embeddable":true,"href":"http:\/\/argentinamunicipal.com.ar\/argentina\/wp-json\/wp\/v2\/users\/2"}],"replies":[{"embeddable":true,"href":"http:\/\/argentinamunicipal.com.ar\/argentina\/wp-json\/wp\/v2\/comments?post=66842"}],"version-history":[{"count":0,"href":"http:\/\/argentinamunicipal.com.ar\/argentina\/wp-json\/wp\/v2\/posts\/66842\/revisions"}],"wp:featuredmedia":[{"embeddable":true,"href":"http:\/\/argentinamunicipal.com.ar\/argentina\/wp-json\/wp\/v2\/media\/66843"}],"wp:attachment":[{"href":"http:\/\/argentinamunicipal.com.ar\/argentina\/wp-json\/wp\/v2\/media?parent=66842"}],"wp:term":[{"taxonomy":"category","embeddable":true,"href":"http:\/\/argentinamunicipal.com.ar\/argentina\/wp-json\/wp\/v2\/categories?post=66842"},{"taxonomy":"post_tag","embeddable":true,"href":"http:\/\/argentinamunicipal.com.ar\/argentina\/wp-json\/wp\/v2\/tags?post=66842"}],"curies":[{"name":"wp","href":"https:\/\/api.w.org\/{rel}","templated":true}]}}