{"id":66845,"date":"2017-08-23T06:57:15","date_gmt":"2017-08-23T09:57:15","guid":{"rendered":"http:\/\/argentinamunicipal.com.ar\/argentina\/?p=66845"},"modified":"2017-08-23T06:57:15","modified_gmt":"2017-08-23T09:57:15","slug":"bahia-blanca-asumio-la-intendencia-una-concejal-dijo-las-chicas-se-embarazan-cobrar-plan","status":"publish","type":"post","link":"http:\/\/argentinamunicipal.com.ar\/argentina\/bahia-blanca-asumio-la-intendencia-una-concejal-dijo-las-chicas-se-embarazan-cobrar-plan\/","title":{"rendered":"Bah\u00eda Blanca: Asumi\u00f3 la intendencia una concejal que dijo que las chicas se embarazan para cobrar un plan"},"content":{"rendered":"<p>Mar\u00eda Laura Boindini ocupar\u00e1 el lugar temporalmente que dej\u00f3 H\u00e9ctor Gay, quien solicit\u00f3 licencia hasta el domingo 27. La intendenta interina hab\u00eda sido duramente criticada cuando en el 2015, momento que realizaba campa\u00f1a para ser edil, realiz\u00f3 declaraciones sobre la Asignaci\u00f3n Universal por Hijo.<\/p>\n<p>El intendente de Bah\u00eda Blanca, H\u00e9ctor Gay, solicit\u00f3 licencia desde hoy hasta el domingo 27 y en su lugar asumi\u00f3 temporalmente la concejal, Mar\u00eda Laura Biondini, La actual edil ocup\u00f3 la Secretar\u00eda de Gobierno y el Juzgado de Faltas y en marzo de este a\u00f1o volvi\u00f3 al Concejo Deliberante.<\/p>\n<p>Durante el 2015 desarroll\u00f3 la campa\u00f1a electoral donde se postul\u00f3 como concejal de la mano de Cambiemos y finalmente fue electa para ocupar ese cargo. En ese entonces particip\u00f3 de un debate de candidatos donde dio a conocer sus pol\u00e9micas declaraciones.<\/p>\n<p>\u00abEstamos hablando de ni\u00f1as de 11 a\u00f1os que hablan de llegar a los 12 para poder quedar embarazadas y cobrar un plan. Eso denota la falta de una educaci\u00f3n sexual fuerte\u00bb, hab\u00eda expresado en esa oportunidad.<\/p>\n<p>En ese aspecto, fue en la misma l\u00ednea que Miguel del Sel y Ernesto Sanz, ambos referentes de Cambiemos en el pa\u00eds. A su vez, hace pocas semanas la cantante del d\u00fao Pimpinela, Luc\u00eda Gal\u00e1n, tuvo una declaraci\u00f3n similar a la funcionaria bahiense.<\/p>\n<p>Del mismo modo, las cr\u00edticas hac\u00eda tal afirmaci\u00f3n no se hicieron esperar y gener\u00f3 el rechazo de quienes defienden la aplicaci\u00f3n de la Asignaci\u00f3n Universal por Hijo y los derechos de los ni\u00f1os y adolescentes.\u00a0\u00a0Incluso, la gobernadora Mar\u00eda Eugenia Vidal en su momento se deslig\u00f3: \u00abno estoy de acuerdo y no me representa\u00bb.<\/p>\n<h6>Fuente: InfoCielo<\/h6>\n","protected":false},"excerpt":{"rendered":"<p>Mar\u00eda Laura Boindini ocupar\u00e1 el lugar temporalmente que dej\u00f3 H\u00e9ctor Gay, quien solicit\u00f3 licencia hasta el domingo 27. <\/p>\n","protected":false},"author":2,"featured_media":66846,"comment_status":"closed","ping_status":"closed","sticky":false,"template":"","format":"standard","meta":{"footnotes":""},"categories":[4],"tags":[12],"class_list":["post-66845","post","type-post","status-publish","format-standard","has-post-thumbnail","hentry","category-informe-politico","tag-buenos-aires"],"_links":{"self":[{"href":"http:\/\/argentinamunicipal.com.ar\/argentina\/wp-json\/wp\/v2\/posts\/66845","targetHints":{"allow":["GET"]}}],"collection":[{"href":"http:\/\/argentinamunicipal.com.ar\/argentina\/wp-json\/wp\/v2\/posts"}],"about":[{"href":"http:\/\/argentinamunicipal.com.ar\/argentina\/wp-json\/wp\/v2\/types\/post"}],"author":[{"embeddable":true,"href":"http:\/\/argentinamunicipal.com.ar\/argentina\/wp-json\/wp\/v2\/users\/2"}],"replies":[{"embeddable":true,"href":"http:\/\/argentinamunicipal.com.ar\/argentina\/wp-json\/wp\/v2\/comments?post=66845"}],"version-history":[{"count":0,"href":"http:\/\/argentinamunicipal.com.ar\/argentina\/wp-json\/wp\/v2\/posts\/66845\/revisions"}],"wp:featuredmedia":[{"embeddable":true,"href":"http:\/\/argentinamunicipal.com.ar\/argentina\/wp-json\/wp\/v2\/media\/66846"}],"wp:attachment":[{"href":"http:\/\/argentinamunicipal.com.ar\/argentina\/wp-json\/wp\/v2\/media?parent=66845"}],"wp:term":[{"taxonomy":"category","embeddable":true,"href":"http:\/\/argentinamunicipal.com.ar\/argentina\/wp-json\/wp\/v2\/categories?post=66845"},{"taxonomy":"post_tag","embeddable":true,"href":"http:\/\/argentinamunicipal.com.ar\/argentina\/wp-json\/wp\/v2\/tags?post=66845"}],"curies":[{"name":"wp","href":"https:\/\/api.w.org\/{rel}","templated":true}]}}