{"id":66848,"date":"2017-08-23T07:02:57","date_gmt":"2017-08-23T10:02:57","guid":{"rendered":"http:\/\/argentinamunicipal.com.ar\/argentina\/?p=66848"},"modified":"2017-08-23T07:02:57","modified_gmt":"2017-08-23T10:02:57","slug":"crisis-junin-advierten-vez-van-mas-los-tambos-van-desaparecer","status":"publish","type":"post","link":"http:\/\/argentinamunicipal.com.ar\/argentina\/crisis-junin-advierten-vez-van-mas-los-tambos-van-desaparecer\/","title":{"rendered":"Crisis en Jun\u00edn: Advierten que \u201ccada vez van a ser m\u00e1s los tambos que van a desaparecer\u201d"},"content":{"rendered":"<p>Desde la Federaci\u00f3n Agraria Argentina de Jun\u00edn, a trav\u00e9s de su titular, Rosana Franco, advirtieron que la situaci\u00f3n de quienes producen l\u00e1cteos es sumamente grave. \u201cNecesitamos que el Gobierno entienda que en estas condiciones no podemos seguir\u201d, sostuvieron.<\/p>\n<p>La titular de la Federaci\u00f3n Agraria Argentina de Jun\u00edn, Rosana Franco, brind\u00f3 un panorama de la situaci\u00f3n que atraviesan los tamberos y dej\u00f3 al descubierto su preocupaci\u00f3n por el futuro de los mismos. Le exige al gobierno que tome cartas en el asunto para que los productores del sector puedan sobrevivir a la crisis.<\/p>\n<p>M\u00e1s adelante manifest\u00f3 que \u201chay algunas acciones que el gobierno tiene que llevar a cabo. Las econom\u00edas regionales tambi\u00e9n la est\u00e1n pasando mal. Vimos lo que pasa con la banana, con la manzana, ahora con los cerdos tambi\u00e9n. Hay cosas que se deben ir acomodando de alguna manera\u201d.<br \/>\nEn di\u00e1logo con La Verdad Online, expres\u00f3 que \u201csi el gobierno no soluciona el tema de la cadena l\u00e1ctea cada vez van a ser m\u00e1s los tambos que van a desaparecer\u201d, y a\u00f1adi\u00f3 que \u201cno le puede encontrar la vuelta\u201d.<\/p>\n<p>Asimismo se\u00f1al\u00f3 que \u201clos costos de producci\u00f3n son cada vez m\u00e1s altos\u201d por lo que la producci\u00f3n se hace cada vez m\u00e1s inviable.<\/p>\n<p>En ese sentido cont\u00f3 que \u201ces un tema que ya tiene su tiempo y que desde la Federaci\u00f3n Agraria pedimos que se solucione. Sabemos que son cada vez m\u00e1s los tamberos que quedan en el camino. En Jun\u00edn, por un caso de inundaci\u00f3n, el \u00faltimo cerr\u00f3 hace siete meses. Dos o tres son no m\u00e1s los que nos quedan\u201d.<\/p>\n<p>M\u00e1s adelante manifest\u00f3 que \u201chay algunas acciones que el gobierno tiene que llevar a cabo. Las econom\u00edas regionales tambi\u00e9n la est\u00e1n pasando mal. Vimos lo que pasa con la banana, con la manzana, ahora con los cerdos tambi\u00e9n. Hay cosas que se deben ir acomodando de alguna manera\u201d.<\/p>\n<p>Luego indic\u00f3 que \u201cno s\u00e9 qu\u00e9 estar\u00e1n haciendo en otras provincias, nosotros necesitamos que el gobierno entienda que en estas condiciones no podemos seguir. Este tema, junto a otros, seguramente se tratar\u00e1 en el Congreso de Rosario de fines de septiembre\u201d.<\/p>\n<h6>Fuente: InfoCielo<\/h6>\n","protected":false},"excerpt":{"rendered":"<p>Desde la Federaci\u00f3n Agraria Argentina de Jun\u00edn, a trav\u00e9s de su titular, Rosana Franco, advirtieron que la situaci\u00f3n de quienes producen l\u00e1cteos es sumamente grave. <\/p>\n","protected":false},"author":2,"featured_media":66849,"comment_status":"closed","ping_status":"closed","sticky":false,"template":"","format":"standard","meta":{"footnotes":""},"categories":[2],"tags":[12],"class_list":["post-66848","post","type-post","status-publish","format-standard","has-post-thumbnail","hentry","category-informe-municipal","tag-buenos-aires"],"_links":{"self":[{"href":"http:\/\/argentinamunicipal.com.ar\/argentina\/wp-json\/wp\/v2\/posts\/66848","targetHints":{"allow":["GET"]}}],"collection":[{"href":"http:\/\/argentinamunicipal.com.ar\/argentina\/wp-json\/wp\/v2\/posts"}],"about":[{"href":"http:\/\/argentinamunicipal.com.ar\/argentina\/wp-json\/wp\/v2\/types\/post"}],"author":[{"embeddable":true,"href":"http:\/\/argentinamunicipal.com.ar\/argentina\/wp-json\/wp\/v2\/users\/2"}],"replies":[{"embeddable":true,"href":"http:\/\/argentinamunicipal.com.ar\/argentina\/wp-json\/wp\/v2\/comments?post=66848"}],"version-history":[{"count":0,"href":"http:\/\/argentinamunicipal.com.ar\/argentina\/wp-json\/wp\/v2\/posts\/66848\/revisions"}],"wp:featuredmedia":[{"embeddable":true,"href":"http:\/\/argentinamunicipal.com.ar\/argentina\/wp-json\/wp\/v2\/media\/66849"}],"wp:attachment":[{"href":"http:\/\/argentinamunicipal.com.ar\/argentina\/wp-json\/wp\/v2\/media?parent=66848"}],"wp:term":[{"taxonomy":"category","embeddable":true,"href":"http:\/\/argentinamunicipal.com.ar\/argentina\/wp-json\/wp\/v2\/categories?post=66848"},{"taxonomy":"post_tag","embeddable":true,"href":"http:\/\/argentinamunicipal.com.ar\/argentina\/wp-json\/wp\/v2\/tags?post=66848"}],"curies":[{"name":"wp","href":"https:\/\/api.w.org\/{rel}","templated":true}]}}