{"id":66854,"date":"2017-08-23T07:20:32","date_gmt":"2017-08-23T10:20:32","guid":{"rendered":"http:\/\/argentinamunicipal.com.ar\/argentina\/?p=66854"},"modified":"2017-08-23T07:20:32","modified_gmt":"2017-08-23T10:20:32","slug":"remate-la-ciencia","status":"publish","type":"post","link":"http:\/\/argentinamunicipal.com.ar\/argentina\/remate-la-ciencia\/","title":{"rendered":"\u201cRemate de la ciencia\u201d"},"content":{"rendered":"<p>Las organizaciones de cient\u00edficos se reunieron con funcionarios de Ciencia, pero rechazaron la propuesta de que los excluidos del Conicet ingresen en universidades cobrando menos y sin estabilidad laboral.<\/p>\n<p>La situaci\u00f3n de los 500 investigadores excluidos del Conicet por el recorte presupuestario sigue sin resolverse. Ayer por la ma\u00f1ana los cient\u00edficos cortaron la calle Godoy Cruz, frente al Ministerio de Ciencia y Tecnolog\u00eda, para reclamar una soluci\u00f3n. All\u00ed realizaron una performance que escenific\u00f3 \u201cel remate de la ciencia\u201d, mientras los representantes de las organizaciones de cient\u00edficos entraban para mantener con funcionarios la cuarta reuni\u00f3n de la comisi\u00f3n mixta creada en diciembre del a\u00f1o pasado para buscar una salida al conflicto. Desde la cartera encabezada por Lino Bara\u00f1ao insistieron en flexibilizar las condiciones de trabajo de los investigadores que no pudieron entrar en la carrera del Conicet, envi\u00e1ndolos a universidades, donde cobrar\u00edan menos y no gozar\u00edan de estabilidad laboral. Las organizaciones volvieron a rechazar la propuesta.<\/p>\n<p>\u201cEs un acuerdo insuficiente que no tiene que ver con el acta-acuerdo que se firm\u00f3 en diciembre. No ofrecieron ninguna respuesta, lo \u00fanico claro es su vocaci\u00f3n de seguir avanzando en el ajuste\u201d, dijo a P\u00e1ginaI12 Mercedes Garc\u00eda Carrillo, de JCP, quien fue parte de la reuni\u00f3n.<\/p>\n<p>La \u00faltima reuni\u00f3n de comisi\u00f3n mixta se hab\u00eda realizado el 8 de agosto, luego de que las organizaciones entraran al hall del ministerio y expresaran que no se ir\u00edan si Bara\u00f1ao no los recib\u00eda. Luego se despleg\u00f3 un operativo policial por unos minutos, aunque no pas\u00f3 a mayores. Los cient\u00edficos esperaban que ayer el ministerio diera un paso en avanzar con algunas de sus exigencias. Sin embargo, nada de eso pas\u00f3.<\/p>\n<p>El ministro Bara\u00f1ao; Alan Temi\u00f1o, de la gerencia de Asuntos legales del Conicet; Lucas Luchilo, de la Secretar\u00eda de Articulaci\u00f3n Cient\u00edfico Tecnol\u00f3gica; y Agust\u00edn Campero, secretario de Planeamiento y Pol\u00edticas del ministerio, fueron quienes negociaron por la cartera cient\u00edfica. Mientras que la Red Federal de Afectados, J\u00f3venes Cient\u00edficos Precarizados, ATE- Conicet, Cient\u00edficos y Universitarios Autoconvocados, Becarios Empoderados, Ciencia y T\u00e9cnica Argentina y la federaci\u00f3n docente Conadu Hist\u00f3rica estuvieron en representaci\u00f3n de los investigadores.<\/p>\n<p>Guido Giorgi, quien particip\u00f3 de la reuni\u00f3n por la Red Federal de Afectados, dijo a este diario que fueron con propuestas para que los excluidos del Conicet ingresen en las universidades con mayor estabilidad laboral (el tema m\u00e1s sensible, dicen), que los cient\u00edficos participen de la redacci\u00f3n del convenio entre los ministerio de Ciencia y de Educaci\u00f3n (del que dependen las casas de estudios superiores), y por \u00faltimo, que el salario sea el mismo que percibir\u00edan si estuvieran en el Conicet. \u201cNo dieron margen de negociaci\u00f3n\u201d, afirm\u00f3 Giorgi, quien se\u00f1al\u00f3 que la t\u00e1ctica de los funcionarios es forzar a que los investigadores negocien individualmente con cada universidad. \u201cQuieren fraccionar la lucha \u2013se quej\u00f3\u2013, quebrar el colectivo. Pero no lo van a conseguir.\u201d<\/p>\n<p>El argumento de los funcionarios es que la autonom\u00eda universitaria nos les permite realizar ninguna concesi\u00f3n, porque no pueden pasar por arriba de ninguna instituci\u00f3n. Los cient\u00edficos creen que pueden hacer m\u00e1s, a trav\u00e9s de un convenio marco de aceptaci\u00f3n voluntaria por parte de las universidades, pero que no quieren.<\/p>\n<p>El 12 de septiembre se volver\u00e1n a ver las caras, en una nueva reuni\u00f3n de la comisi\u00f3n: es probable que los cient\u00edficos vayan m\u00e1s enojados que ayer y tomen \u201cmedidas m\u00e1s contundentes\u201d, seg\u00fan se comentaba ayer.<\/p>\n<p>Antes de esa fecha, el Ministerio de Ciencia deber\u00eda tener una reuni\u00f3n con la Secretar\u00eda de Pol\u00edticas Universitarias para analizar las cuestiones que les trasladaron los cient\u00edficos. Los afectados recalcan que no tienen nada contra las universidades (muchos dan clases en ellas y manifiestan estar a gusto), pero que pasando a otra instituci\u00f3n perder\u00edan todos los beneficios del Conicet (los que les corresponden, plantean, por haber aprobado todas las instancias de evaluaci\u00f3n).<\/p>\n<p>Para Nuria Giniger, de CyUA, la reuni\u00f3n clarific\u00f3 una vez m\u00e1s que el objetivo de Cambiemos es \u201cachicar el sistema cient\u00edfico\u201d. \u201cQuieren trasladar el conflicto \u2013dijo\u2013 desde el Ministerio de Ciencia a las universidades e intentan dilatarlo todo el tiempo.\u201d<\/p>\n<h6>Fuente: P\u00e1gina 12<\/h6>\n","protected":false},"excerpt":{"rendered":"<p>Las organizaciones de cient\u00edficos se reunieron con funcionarios de Ciencia, pero rechazaron la propuesta de que los excluidos del Conicet ingresen en universidades cobrando menos y sin estabilidad laboral.<\/p>\n","protected":false},"author":2,"featured_media":66855,"comment_status":"closed","ping_status":"closed","sticky":false,"template":"","format":"standard","meta":{"footnotes":""},"categories":[8],"tags":[21],"class_list":["post-66854","post","type-post","status-publish","format-standard","has-post-thumbnail","hentry","category-informe-nacional","tag-argentina"],"_links":{"self":[{"href":"http:\/\/argentinamunicipal.com.ar\/argentina\/wp-json\/wp\/v2\/posts\/66854","targetHints":{"allow":["GET"]}}],"collection":[{"href":"http:\/\/argentinamunicipal.com.ar\/argentina\/wp-json\/wp\/v2\/posts"}],"about":[{"href":"http:\/\/argentinamunicipal.com.ar\/argentina\/wp-json\/wp\/v2\/types\/post"}],"author":[{"embeddable":true,"href":"http:\/\/argentinamunicipal.com.ar\/argentina\/wp-json\/wp\/v2\/users\/2"}],"replies":[{"embeddable":true,"href":"http:\/\/argentinamunicipal.com.ar\/argentina\/wp-json\/wp\/v2\/comments?post=66854"}],"version-history":[{"count":0,"href":"http:\/\/argentinamunicipal.com.ar\/argentina\/wp-json\/wp\/v2\/posts\/66854\/revisions"}],"wp:featuredmedia":[{"embeddable":true,"href":"http:\/\/argentinamunicipal.com.ar\/argentina\/wp-json\/wp\/v2\/media\/66855"}],"wp:attachment":[{"href":"http:\/\/argentinamunicipal.com.ar\/argentina\/wp-json\/wp\/v2\/media?parent=66854"}],"wp:term":[{"taxonomy":"category","embeddable":true,"href":"http:\/\/argentinamunicipal.com.ar\/argentina\/wp-json\/wp\/v2\/categories?post=66854"},{"taxonomy":"post_tag","embeddable":true,"href":"http:\/\/argentinamunicipal.com.ar\/argentina\/wp-json\/wp\/v2\/tags?post=66854"}],"curies":[{"name":"wp","href":"https:\/\/api.w.org\/{rel}","templated":true}]}}