{"id":66858,"date":"2017-08-23T07:26:13","date_gmt":"2017-08-23T10:26:13","guid":{"rendered":"http:\/\/argentinamunicipal.com.ar\/argentina\/?p=66858"},"modified":"2017-08-23T07:26:13","modified_gmt":"2017-08-23T10:26:13","slug":"trump-desoyo-al-alcalde-phoenix-postergar-viaje-plena-tension-racial","status":"publish","type":"post","link":"http:\/\/argentinamunicipal.com.ar\/argentina\/trump-desoyo-al-alcalde-phoenix-postergar-viaje-plena-tension-racial\/","title":{"rendered":"Trump desoy\u00f3 al alcalde de Phoenix para postergar su viaje en plena tensi\u00f3n racial"},"content":{"rendered":"<p>El alcalde de Phoenix le pidi\u00f3 al mandatario que postergue su viaje a esa ciudad y a la frontera sur con M\u00e9xico por temor a nuevos enfrentamientos al calor del clima de tensi\u00f3n racial.<\/p>\n<p>El alcalde de Phoenix, el dem\u00f3crata Greg Staton, manifest\u00f3 en un art\u00edculo publicado en el diario Washington Post que \u00abEstados Unidos est\u00e1 herido. Y est\u00e1 herido en gran medida porque Trump roci\u00f3 las tensiones raciales con nafta. (&#8230;) Con su visita prevista para hoy (martes), temo que el presidente podr\u00eda estar a punto de encender el f\u00f3sforo\u00bb. Luego de conocerse las palabras del alcalde, desde la Casa Blanca informaron que el viaje de Trump a la regi\u00f3n sure\u00f1a se manten\u00eda en pie, sin cambios.<\/p>\n<p>En su primer viaje oficial a Arizona, un estado que lo apoy\u00f3 en las urnas, Trump tiene planeado visitar una base militar en la localidad de Yuma, que funciona como centro de operaciones para la Patrulla Fronteriza de Estados Unidos y posee el equipo m\u00e1s moderno para vigilar la frontera con M\u00e9xico, por ejemplo, drones y otros tipos de aviones. Trump intenta buscar apoyo en el Congreso federal para conseguir los fondos necesarios para expandir el muro fronterizo en el sur del pa\u00eds, como prometi\u00f3 una y otra vez antes y despu\u00e9s de las elecciones.<\/p>\n<p>Ese es el objetivo de la visita al centro de operaciones en Yuma, la frontera cerca de all\u00ed y, finalmente, el acto masivo en Phoenix. En ese sentido, este viaje oficial es un ejemplo de la tensa relaci\u00f3n entre el mandatario y la oposici\u00f3n dem\u00f3crata, en este caso representada en el alcalde Staton, pero tambi\u00e9n su dif\u00edcil alianza con su partido, el Republicano.<\/p>\n<h6>Fuente: Sin Mordaza<\/h6>\n","protected":false},"excerpt":{"rendered":"<p>El alcalde de Phoenix le pidi\u00f3 al mandatario que postergue su viaje a esa ciudad y a la frontera sur con M\u00e9xico por temor a nuevos enfrentamientos al calor del clima de tensi\u00f3n racial.<\/p>\n","protected":false},"author":2,"featured_media":66859,"comment_status":"closed","ping_status":"closed","sticky":false,"template":"","format":"standard","meta":{"footnotes":""},"categories":[22],"tags":[57],"class_list":["post-66858","post","type-post","status-publish","format-standard","has-post-thumbnail","hentry","category-el-mundo","tag-el-mundo"],"_links":{"self":[{"href":"http:\/\/argentinamunicipal.com.ar\/argentina\/wp-json\/wp\/v2\/posts\/66858","targetHints":{"allow":["GET"]}}],"collection":[{"href":"http:\/\/argentinamunicipal.com.ar\/argentina\/wp-json\/wp\/v2\/posts"}],"about":[{"href":"http:\/\/argentinamunicipal.com.ar\/argentina\/wp-json\/wp\/v2\/types\/post"}],"author":[{"embeddable":true,"href":"http:\/\/argentinamunicipal.com.ar\/argentina\/wp-json\/wp\/v2\/users\/2"}],"replies":[{"embeddable":true,"href":"http:\/\/argentinamunicipal.com.ar\/argentina\/wp-json\/wp\/v2\/comments?post=66858"}],"version-history":[{"count":0,"href":"http:\/\/argentinamunicipal.com.ar\/argentina\/wp-json\/wp\/v2\/posts\/66858\/revisions"}],"wp:featuredmedia":[{"embeddable":true,"href":"http:\/\/argentinamunicipal.com.ar\/argentina\/wp-json\/wp\/v2\/media\/66859"}],"wp:attachment":[{"href":"http:\/\/argentinamunicipal.com.ar\/argentina\/wp-json\/wp\/v2\/media?parent=66858"}],"wp:term":[{"taxonomy":"category","embeddable":true,"href":"http:\/\/argentinamunicipal.com.ar\/argentina\/wp-json\/wp\/v2\/categories?post=66858"},{"taxonomy":"post_tag","embeddable":true,"href":"http:\/\/argentinamunicipal.com.ar\/argentina\/wp-json\/wp\/v2\/tags?post=66858"}],"curies":[{"name":"wp","href":"https:\/\/api.w.org\/{rel}","templated":true}]}}