{"id":66864,"date":"2017-08-23T07:34:11","date_gmt":"2017-08-23T10:34:11","guid":{"rendered":"http:\/\/argentinamunicipal.com.ar\/argentina\/?p=66864"},"modified":"2017-08-23T07:34:11","modified_gmt":"2017-08-23T10:34:11","slug":"la-venganza-macri-echo-dos-funcionarios-nacionales-extraccion-sindical","status":"publish","type":"post","link":"http:\/\/argentinamunicipal.com.ar\/argentina\/la-venganza-macri-echo-dos-funcionarios-nacionales-extraccion-sindical\/","title":{"rendered":"La venganza: Macri ech\u00f3 a dos funcionarios nacionales de extracci\u00f3n sindical"},"content":{"rendered":"<p>A menos de dos a\u00f1os de haber asumido, el Presidente parece comenzar a encerrarse en su c\u00edrculo \u00edntimo.<\/p>\n<p>Los dos estaban conectados con gremios que participaron de la movilizaci\u00f3n de la\u00a0Confederaci\u00f3n General del Trabajo. Los dos, ayer, d\u00eda en que la\u00a0CGT\u00a0march\u00f3 a Plaza de Mayo contra el\u00a0ajuste, fueron expulsados del gobierno nacional, donde ejerc\u00edan como funcionarios.<\/p>\n<p>En la tarde\/noche del martes, mientras se limpiaba la Plaza y alrededores de papeles, banderas y dem\u00e1s elementos propios de una movilizaci\u00f3n,\u00a0Mauricio Macri\u00a0ech\u00f3 a\u00a0Luis Alberto Scervino, hasta ayer superintendente de Servicios de Salud de la Naci\u00f3n, y a\u00a0Ezequiel Sabor, viceministro de Trabajo.<\/p>\n<p>Scervino hab\u00eda accedido a la Casa Rosada como una muestra de acercamiento de Macri a los \u00abgordos\u00bb de la CGT, que tanto pujaron por ayudarlo a llegar a Balcarce 50. Jos\u00e9 Luis Lingeri, quien ofici\u00f3 de \u00abcalzador\u00bb para la entrada de Scervino, estuvo en el palco central de la central obrera en la marcha de ayer.<\/p>\n<p>Scervino, seg\u00fan public\u00f3 el portal de noticias oficialilsta Infobae, ser\u00e1 reemplazado por Sandro Taricco, hombre de\u00a0Graciela \u00abHormiguita\u00bb Oca\u00f1a.<\/p>\n<p>En tanto, Ezequiel Sabor era el fusible que, se sab\u00eda, iba a saltar de un momento a otro, ya que oficiaba como nexo entre el Poder Ejecutivo y los gremios. El casillero vac\u00edo lo llenar\u00eda Jorge Triaca.<\/p>\n<p>\u00bfSe achica m\u00e1s todav\u00eda la mesa chica del macrismo? La sensaci\u00f3n de que el Presidente decidi\u00f3 cerrar el c\u00edrculo que lo rodea est\u00e1 firme en la Casa Rosada, sobre todo despu\u00e9s de lo que Cambiemos entiende como un respaldo de la sociedad luego del 35 por ciento logrado a nivel nacional en las PASO.<\/p>\n<h6>Fuente: InfoNews<\/h6>\n","protected":false},"excerpt":{"rendered":"<p>A menos de dos a\u00f1os de haber asumido, el Presidente parece comenzar a encerrarse en su c\u00edrculo \u00edntimo.<\/p>\n","protected":false},"author":2,"featured_media":66865,"comment_status":"closed","ping_status":"closed","sticky":false,"template":"","format":"standard","meta":{"footnotes":""},"categories":[8],"tags":[21],"class_list":["post-66864","post","type-post","status-publish","format-standard","has-post-thumbnail","hentry","category-informe-nacional","tag-argentina"],"_links":{"self":[{"href":"http:\/\/argentinamunicipal.com.ar\/argentina\/wp-json\/wp\/v2\/posts\/66864","targetHints":{"allow":["GET"]}}],"collection":[{"href":"http:\/\/argentinamunicipal.com.ar\/argentina\/wp-json\/wp\/v2\/posts"}],"about":[{"href":"http:\/\/argentinamunicipal.com.ar\/argentina\/wp-json\/wp\/v2\/types\/post"}],"author":[{"embeddable":true,"href":"http:\/\/argentinamunicipal.com.ar\/argentina\/wp-json\/wp\/v2\/users\/2"}],"replies":[{"embeddable":true,"href":"http:\/\/argentinamunicipal.com.ar\/argentina\/wp-json\/wp\/v2\/comments?post=66864"}],"version-history":[{"count":0,"href":"http:\/\/argentinamunicipal.com.ar\/argentina\/wp-json\/wp\/v2\/posts\/66864\/revisions"}],"wp:featuredmedia":[{"embeddable":true,"href":"http:\/\/argentinamunicipal.com.ar\/argentina\/wp-json\/wp\/v2\/media\/66865"}],"wp:attachment":[{"href":"http:\/\/argentinamunicipal.com.ar\/argentina\/wp-json\/wp\/v2\/media?parent=66864"}],"wp:term":[{"taxonomy":"category","embeddable":true,"href":"http:\/\/argentinamunicipal.com.ar\/argentina\/wp-json\/wp\/v2\/categories?post=66864"},{"taxonomy":"post_tag","embeddable":true,"href":"http:\/\/argentinamunicipal.com.ar\/argentina\/wp-json\/wp\/v2\/tags?post=66864"}],"curies":[{"name":"wp","href":"https:\/\/api.w.org\/{rel}","templated":true}]}}