{"id":66870,"date":"2017-08-23T07:50:26","date_gmt":"2017-08-23T10:50:26","guid":{"rendered":"http:\/\/argentinamunicipal.com.ar\/argentina\/?p=66870"},"modified":"2017-08-23T07:50:26","modified_gmt":"2017-08-23T10:50:26","slug":"continua-la-implementacion-del-programa-pueblos-conectados-juntas-gobierno-entrerrianas","status":"publish","type":"post","link":"http:\/\/argentinamunicipal.com.ar\/argentina\/continua-la-implementacion-del-programa-pueblos-conectados-juntas-gobierno-entrerrianas\/","title":{"rendered":"Contin\u00faa la implementaci\u00f3n del programa \u201cPueblos Conectados\u201d en Juntas de Gobierno entrerrianas"},"content":{"rendered":"<p>Desde la Secretar\u00eda de Telecomunicaciones contin\u00faa implement\u00e1ndose el programa de inclusi\u00f3n digital \u201cEspacios Recreativos, Pueblos Conectados\u201d \u2022 El objetivo es lograr la igualdad de oportunidades en el acceso a las nuevas tecnolog\u00edas en el contexto rural de nuestra provincia<\/p>\n<p>A trav\u00e9s de la Secretar\u00eda de Telecomunicaciones, a cargo de Carlos Bilbao, junto al Ente de Control y Regulaci\u00f3n de Telecomunicaciones, se contin\u00faa implementando en Juntas de Gobierno de Entre R\u00edos los espacios recreativos \u201cPueblos Conectados\u201d.<\/p>\n<p>El programa plantea la instalaci\u00f3n, en salones de usos m\u00faltiples, de servicio de conectividad inal\u00e1mbrica adem\u00e1s de un microcine adaptado a sala de conferencias donde tambi\u00e9n se podr\u00e1 ver la Televisi\u00f3n Digital Abierta (TDA) y equipado con una biblioteca propia que les permitir\u00e1 el acceso a material educativo, cultural y pedag\u00f3gico para el desarrollo de diversas actividades.<\/p>\n<p>En relaci\u00f3n al programa \u201cPueblos Conectados\u201d, el Secretario de Telecomunicaciones explic\u00f3 que \u00a8se trata de un programa provincial que recibi\u00f3 gran apoyo e impulso por parte del gobernador Gustavo Bordet y del Secretario General de la gobernaci\u00f3n, Edgardo Kueider\u00a8. Bilbao se\u00f1al\u00f3 que Entre R\u00edos es la provincia con mejor distribuci\u00f3n demogr\u00e1fica del pa\u00eds y que alrededor del 15 por ciento de la poblaci\u00f3n vive de manera estable en zonas rurales, \u00a8es por eso que resulta tan importante incluir de manera digital a estas localidades para garantizarles las mismas posibilidades de conectividad y aprendizaje que existen en las ciudades m\u00e1s grandes \u00a8.<\/p>\n<p>En Entre R\u00edos, ya se han instalado \u201cPueblos Conectados\u201d en las localidades de Omb\u00fa, Aldea Spatzenkutter, El Cimarr\u00f3n y en el barrio Toto Irigoyen de Costa Uruguay Sur. De la misma manera, se encuentran pr\u00f3ximos a inaugurar los espacios de Ingeniero Sajaroff y Nueva Escocia.<\/p>\n<p>Se avanza ahora de manera progresiva sobre nuevas juntas de gobierno para alcanzar, as\u00ed, a las 60 peque\u00f1as localidades que provee el proyecto para los pr\u00f3ximos a\u00f1os.<\/p>\n<p>Para llevar adelante la instalaci\u00f3n y puesta en funcionamiento de esta pol\u00edtica, se proyecta un trabajo en conjunto entre el Gobierno de la provincia, y las Juntas de Gobierno u organizaciones sociales presentes en peque\u00f1os centros de poblaci\u00f3n.<\/p>\n<p>La implementaci\u00f3n de este programa promueve la igualdad de oportunidades en el acceso a las nuevas Tecnolog\u00edas de la Informaci\u00f3n y Comunicaci\u00f3n de manera tal de favorecer la inclusi\u00f3n social y de contribuir al desarrollo de las personas y sus comunidades, generando conocimiento, evitando que el costo del servicio de Internet o la disponibilidad del mismo sea una barrera para su utilizaci\u00f3n, y concatenar la pol\u00edtica de manera complementaria a programas educativos, a fin de propiciar el aprendizaje e integrar la actividad escolar, brindando nuevas herramientas pedag\u00f3gicas.<\/p>\n<p>Para m\u00e1s informaci\u00f3n sobre el programa: Secretar\u00eda de Telecomunicaciones de Entre R\u00edos<\/p>\n<h6>Fuente: APFDigital<\/h6>\n","protected":false},"excerpt":{"rendered":"<p>Desde la Secretar\u00eda de Telecomunicaciones contin\u00faa implement\u00e1ndose el programa de inclusi\u00f3n digital \u201cEspacios Recreativos, Pueblos Conectados\u201d<\/p>\n","protected":false},"author":2,"featured_media":66871,"comment_status":"closed","ping_status":"closed","sticky":false,"template":"","format":"standard","meta":{"footnotes":""},"categories":[2],"tags":[17],"class_list":["post-66870","post","type-post","status-publish","format-standard","has-post-thumbnail","hentry","category-informe-municipal","tag-entre-rios"],"_links":{"self":[{"href":"http:\/\/argentinamunicipal.com.ar\/argentina\/wp-json\/wp\/v2\/posts\/66870","targetHints":{"allow":["GET"]}}],"collection":[{"href":"http:\/\/argentinamunicipal.com.ar\/argentina\/wp-json\/wp\/v2\/posts"}],"about":[{"href":"http:\/\/argentinamunicipal.com.ar\/argentina\/wp-json\/wp\/v2\/types\/post"}],"author":[{"embeddable":true,"href":"http:\/\/argentinamunicipal.com.ar\/argentina\/wp-json\/wp\/v2\/users\/2"}],"replies":[{"embeddable":true,"href":"http:\/\/argentinamunicipal.com.ar\/argentina\/wp-json\/wp\/v2\/comments?post=66870"}],"version-history":[{"count":0,"href":"http:\/\/argentinamunicipal.com.ar\/argentina\/wp-json\/wp\/v2\/posts\/66870\/revisions"}],"wp:featuredmedia":[{"embeddable":true,"href":"http:\/\/argentinamunicipal.com.ar\/argentina\/wp-json\/wp\/v2\/media\/66871"}],"wp:attachment":[{"href":"http:\/\/argentinamunicipal.com.ar\/argentina\/wp-json\/wp\/v2\/media?parent=66870"}],"wp:term":[{"taxonomy":"category","embeddable":true,"href":"http:\/\/argentinamunicipal.com.ar\/argentina\/wp-json\/wp\/v2\/categories?post=66870"},{"taxonomy":"post_tag","embeddable":true,"href":"http:\/\/argentinamunicipal.com.ar\/argentina\/wp-json\/wp\/v2\/tags?post=66870"}],"curies":[{"name":"wp","href":"https:\/\/api.w.org\/{rel}","templated":true}]}}