{"id":66873,"date":"2017-08-23T07:52:57","date_gmt":"2017-08-23T10:52:57","guid":{"rendered":"http:\/\/argentinamunicipal.com.ar\/argentina\/?p=66873"},"modified":"2017-08-23T07:52:57","modified_gmt":"2017-08-23T10:52:57","slug":"esta-punto-finalizar-la-obra-del-centro-convenciones-parana","status":"publish","type":"post","link":"http:\/\/argentinamunicipal.com.ar\/argentina\/esta-punto-finalizar-la-obra-del-centro-convenciones-parana\/","title":{"rendered":"Est\u00e1 a punto de finalizar la obra del centro de convenciones de Paran\u00e1\u00a0"},"content":{"rendered":"<p>El gobernador Gustavo Bordet recorri\u00f3 este martes la obra del centro de convenciones de Paran\u00e1, que se inaugurar\u00e1 en las pr\u00f3ximas semanas \u2022 Albergar\u00e1 a 2700 personas y ser\u00e1 el m\u00e1s grande de la Mesopotamia<\/p>\n<p>El Gobernador dijo que se est\u00e1 atravesando la \u00faltima etapa de esta obra \u00abque est\u00e1 quedando magn\u00edfica, un centro de convenciones que va a posicionar a Entre R\u00edos a la vanguardia de lo que es turismo de reuniones, negocios y eventos, habida cuenta que ya contamos con el de Concordia. Este de Paran\u00e1 ser\u00e1 el m\u00e1s grande de la Mesopotamia, con una capacidad para 2.700 personas y que se integra con La Vieja Usina. Ser\u00e1 todo un complejo de convenciones que para la ciudad significar\u00e1 un aporte importante en lo que respecta a ingresos tur\u00edsticos\u00bb.<\/p>\n<p>Luego indic\u00f3 que este fin de semana largo la provincia vio colmada la capacidad hotelera, \u00ablo cual abre una muy buena perspectiva para trabajar no s\u00f3lo el turismo de termas y playas, sino tambi\u00e9n el de reuniones, eventos y negocios\u201d.<\/p>\n<p>\u201cEn Paran\u00e1, que tiene buena oferta de hoteler\u00eda, con este centro de convenciones y un aeropuerto internacional, est\u00e1n dadas todas las condiciones para desarrollar distintos eventos que posicionen a la capital de la provincia\u00bb, sostuvo Bordet.<\/p>\n<p>Estim\u00f3 que en unas semanas m\u00e1s estar\u00e1 terminada la obra. \u00abEste centro de convenciones no es s\u00f3lo el edificio sino que tiene tambi\u00e9n la mejor tecnolog\u00eda aplicada para lo que se requiere y el equipamiento que estar\u00e1 completo y que permitir\u00e1 empezar a usarse el d\u00eda despu\u00e9s de la inauguraci\u00f3n\u00bb, afirm\u00f3 el mandatario.<\/p>\n<p>Adem\u00e1s, volvi\u00f3 a destacar la afluencia de visitantes este fin de semana largo. \u00abLa verdad es que ha sido excelente y lo necesit\u00e1bamos porque ven\u00edamos muy castigados, con inclemencias clim\u00e1ticas que hac\u00edan que muchos sectores de servicios y turismo hayan relegado camas de hotel y no hayan tenido la ocupaci\u00f3n que esperaban. Pero las estad\u00edsticas que tenemos es que en toda la provincia estamos en el 95 por ciento de ocupaci\u00f3n este fin de semana que pas\u00f3, lo cual es muy bueno y ojal\u00e1 podamos tener la misma afluencia tur\u00edstica en los pr\u00f3ximos fin de semana largos\u00bb, indic\u00f3.<\/p>\n<p>Y agreg\u00f3: \u201cSeguiremos trabajando para que desde el Congreso se pueda impulsar la continuidad de los feriados puente\u00a0 porque representa mucho ingreso de divisas para nuestra provincia\u00bb.<\/p>\n<p>Respecto a la administraci\u00f3n del lugar, Bordet precis\u00f3 que, como sucede con todos los centros de convenciones, en este caso ser\u00e1 gestionado por un sector p\u00fablico- privado, denominado bureau, integrado por el Instituto del Seguro y el municipio por la parte p\u00fablica y todos los involucrados del sector privado. \u00abEs un protocolo que se utiliza para la administraci\u00f3n de todos los centros de convenciones del pa\u00eds\u00bb, precis\u00f3 Bordet.<\/p>\n<p>Finalmente, el Gobernador destac\u00f3 el trabajo conjunto que se viene realizando con el Ministerio de Turismo de la Naci\u00f3n desde el primer d\u00eda. \u00abEl Ministro nos ha visitado varias veces, en momentos dif\u00edciles recibimos ayuda a nivel nacional. En turismo la \u00fanica forma de trabajar es en conjunto porque no es un segmentos provincial o municipal sino de todos porque involucra al sector privado que es el generador de empleo\u00bb.<\/p>\n<p>De la recorrida participaron\u00a0 el ministro de Planeamiento, Luis Benedetto; el subsecretario de Turismo de Reuniones y Convenciones, Jos\u00e9 Ostrosky;\u00a0 el secretario de Obras P\u00fablicas, Marcelo Richard; el presidente del Instituto del Seguro, Juan Domingo Oravona; la esposa del gobernador, Mariel \u00c1vila; el director de Turismo de Reuniones y Convenciones de Paran\u00e1, Carlos Monti; y el vicepresidente del IAPS, Tom\u00e1s Proske.<\/p>\n<p>\u2022 Detalles de la obra<\/p>\n<p>La obra, que demanda una inversi\u00f3n de 134 millones de pesos, es financiada por el Iapser. La empresa responsable de la construcci\u00f3n es una UTE integrada por Cemyc SRL, Caballi S.A. y Szczech y Szczech. Albergar\u00e1 a 2.700 personas y ser\u00e1 el m\u00e1s grande de la Mesopotamia.<\/p>\n<p>Actualmente la obra presenta un nivel de avance cercano al 98 por ciento.<\/p>\n<p>En estos momentos se est\u00e1n realizando los \u00faltimos trabajos que consisten en colocaci\u00f3n de alfombras en el sal\u00f3n principal de la planta alta, instalaci\u00f3n de aires acondicionados, pintura y limpieza, culminaci\u00f3n de la colocaci\u00f3n de luminaria y mobiliario en cocinas y se recepcion\u00f3 parte del mobiliario (sillas).<\/p>\n<p>El edifico contar\u00e1 con dos plantas y una terraza. En la planta alta habr\u00e1 un sal\u00f3n con capacidad para 1.800 personas sentadas y que a su vez se podr\u00e1 dividir en tres peque\u00f1os, cada uno con sus correspondientes apoyaturas: escenario, cabina de control de sonido e iluminaci\u00f3n, cabina de traducciones, camarines, cocina y sanitarios.<\/p>\n<p>En tanto, en la planta baja habr\u00e1 oficinas, bar restaurante y un sal\u00f3n de usos m\u00faltiples (SUM) con capacidad para 500 personas m\u00e1s y tres salas m\u00e1s chicas destinadas a talleres o reuniones.<\/p>\n<p>El ingreso principal al edificio se encuentra sobre la calle San Mart\u00edn. Se accede por una rampa o por unas escalinatas adaptadas a la barranca. Sobre esa calle se abri\u00f3 una calle interna que conecta con La Vieja Usina y que ser\u00e1 utilizada para el ascenso y descenso de visitantes, como as\u00ed tambi\u00e9n para acceder al estacionamiento que tiene capacidad para 21 veh\u00edculos.<\/p>\n<h6>Fuente: APFDigital<\/h6>\n","protected":false},"excerpt":{"rendered":"<p>El gobernador Gustavo Bordet recorri\u00f3 este martes la obra del centro de convenciones de Paran\u00e1, que se inaugurar\u00e1 en las pr\u00f3ximas semanas \u2022 Albergar\u00e1 a 2700 personas y ser\u00e1 el m\u00e1s grande de la Mesopotamia<\/p>\n","protected":false},"author":2,"featured_media":66874,"comment_status":"closed","ping_status":"closed","sticky":false,"template":"","format":"standard","meta":{"footnotes":""},"categories":[2],"tags":[17],"class_list":["post-66873","post","type-post","status-publish","format-standard","has-post-thumbnail","hentry","category-informe-municipal","tag-entre-rios"],"_links":{"self":[{"href":"http:\/\/argentinamunicipal.com.ar\/argentina\/wp-json\/wp\/v2\/posts\/66873","targetHints":{"allow":["GET"]}}],"collection":[{"href":"http:\/\/argentinamunicipal.com.ar\/argentina\/wp-json\/wp\/v2\/posts"}],"about":[{"href":"http:\/\/argentinamunicipal.com.ar\/argentina\/wp-json\/wp\/v2\/types\/post"}],"author":[{"embeddable":true,"href":"http:\/\/argentinamunicipal.com.ar\/argentina\/wp-json\/wp\/v2\/users\/2"}],"replies":[{"embeddable":true,"href":"http:\/\/argentinamunicipal.com.ar\/argentina\/wp-json\/wp\/v2\/comments?post=66873"}],"version-history":[{"count":0,"href":"http:\/\/argentinamunicipal.com.ar\/argentina\/wp-json\/wp\/v2\/posts\/66873\/revisions"}],"wp:featuredmedia":[{"embeddable":true,"href":"http:\/\/argentinamunicipal.com.ar\/argentina\/wp-json\/wp\/v2\/media\/66874"}],"wp:attachment":[{"href":"http:\/\/argentinamunicipal.com.ar\/argentina\/wp-json\/wp\/v2\/media?parent=66873"}],"wp:term":[{"taxonomy":"category","embeddable":true,"href":"http:\/\/argentinamunicipal.com.ar\/argentina\/wp-json\/wp\/v2\/categories?post=66873"},{"taxonomy":"post_tag","embeddable":true,"href":"http:\/\/argentinamunicipal.com.ar\/argentina\/wp-json\/wp\/v2\/tags?post=66873"}],"curies":[{"name":"wp","href":"https:\/\/api.w.org\/{rel}","templated":true}]}}