{"id":66876,"date":"2017-08-23T08:01:51","date_gmt":"2017-08-23T11:01:51","guid":{"rendered":"http:\/\/argentinamunicipal.com.ar\/argentina\/?p=66876"},"modified":"2017-08-23T08:01:51","modified_gmt":"2017-08-23T11:01:51","slug":"record-violencia-brasil-155-asesinatos-diarios","status":"publish","type":"post","link":"http:\/\/argentinamunicipal.com.ar\/argentina\/record-violencia-brasil-155-asesinatos-diarios\/","title":{"rendered":"R\u00e9cord de violencia en Brasil: hay 155 asesinatos diarios"},"content":{"rendered":"<p>Seg\u00fan cifras oficiales, monitoreadas por ONU, en el primer semestre de 2017 mataron a 28.200 personas. En Argentina, la tasa es casi 5 veces menor.<\/p>\n<p>Brasil sigue alto en el r\u00e1nking de violencia mundial. En el primer semestre del a\u00f1o fueron asesinadas 28.200 personas. Si el ritmo se mantuviera, dar\u00eda anualizado 56.400 homicidios, alrededor de 27,2 muertos en forma violenta por cada 100.000 habitantes. Para tener un punto de comparaci\u00f3n, Argentina tiene un \u00edndice de 6,1 asesinatos por cada 100.000 individuos; y en el otro extremo Venezuela llega a 87, aunque en este caso es dif\u00edcil de medir ya que las cifras oficiales no son confiables.<\/p>\n<p>Las cifras brasile\u00f1as implican que el pa\u00eds sufre 155 asesinatos diarios, es decir, m\u00e1s de 6 por hora. Pero la estad\u00edstica nacional tiene desv\u00edos considerables. Una de las ciudades que supera con amplitud la escala nacional es R\u00edo de Janeiro: en la \u201cCiudad Maravillosa\u201d el \u00edndice de v\u00edctimas de muertes delictivas llega a 38 por cada 100.000 cariocas.<\/p>\n<p>Casi como en Siria<\/p>\n<p>La violencia diaria en el pa\u00eds se aproxima, terror\u00edficamente, al n\u00famero de muertos en Siria por la guerra (60.000). Los informes oficiales y de organismos internacionales culpan por esta situaci\u00f3n a un aumento de la marginalidad y la pobreza que vuelca j\u00f3venes pobres hacia el tr\u00e1fico de drogas. No por acaso, 70% de los asesinatos tienen como v\u00edctimas a chicos de las favelas y afro descendientes. Las estad\u00edsticas de los primeros 6 meses de este a\u00f1o arrojan el saldo del horror: el total de asesinatos supera en 6,79% los casos registrados en igual per\u00edodo de 2016; un a\u00f1o que finaliz\u00f3 con una cifra alucinante de 60.000 homicidios.<\/p>\n<p>Las cifras contienen las grandes masacres ocurridas en los presidios brasile\u00f1os en febrero pasado. Aquellas matanzas, con presos decapitados y descuartizados que aparec\u00edan por decenas en los corredores de las c\u00e1rceles, fueron provocadas por una guerra entre el Primer Comando de la Capital (PCC) y el Comando Rojo (CV).<\/p>\n<p>Con todo, no se pudo ocultar que las grandes perturbaciones pol\u00edticas registradas entre el a\u00f1o pasado y 2017, adicionaron importantes dificultades. B\u00e1sicamente hubo una desinversi\u00f3n en el \u00e1rea de seguridad y una ausencia pr\u00e1cticamente total del Estado central en la resoluci\u00f3n de los problemas que m\u00e1s afectan a la poblaci\u00f3n.<\/p>\n<p>R\u00edo de Janeiro constituye un caso aparte. Aun cuando hay otras ciudades brasile\u00f1as mucho m\u00e1s violentas, la capital carioca atrajo una atenci\u00f3n especial por cuenta de la Olimp\u00edada. En el per\u00edodo de los juegos mundiales, R\u00edo tuvo una mega operaci\u00f3n de seguridad, que disminuy\u00f3 en forma sensible pero tambi\u00e9n transitoria el nivel de delincuencia. Un mes despu\u00e9s de aquellas competencias internacionales todo volvi\u00f3 a la \u201cnormalidad cotidiana\u201d.<\/p>\n<p>Los casos de asesinatos tuvieron un crecimiento de 10,2% en el primer semestre de 2017, con relaci\u00f3n al mismo per\u00edodo del a\u00f1o anterior: R\u00edo registr\u00f3 3.457 homicidios. Y las muertes homicidas, derivadas de la \u201cintervenci\u00f3n\u201d policial, aumentaron 45,3%.<\/p>\n<p>Para los especialistas, los datos confirman \u201cque la principal causa de homicidios en la grandes capitales (brasile\u00f1as) derivan de conflictos del tr\u00e1fico de drogas\u201d.<\/p>\n<p>La antrop\u00f3loga Alba Zaluar, una de las m\u00e1s prestigiosas estudiosas de las causas de la violencia en Brasil, entiende que el aumento de los asesinatos son producto de una ausencia evidente del Estado nacional. Result\u00f3, dijo, del \u201cfin de las inversiones en proyectos que ten\u00edan que ver con el compromiso de los agentes policiales con la prevenci\u00f3n\u201d.<\/p>\n<p>Las Unidades de Polic\u00eda Pacificadora (UPP) es un ejemplo de esto. Seg\u00fan Zaluar, se hab\u00edan comenzado a sentir los \u201cefectos ben\u00e9ficos\u201d de estos programas. \u201cAhora comenzaron a revertirse y es cada vez m\u00e1s evidente la ausencia de inversi\u00f3n p\u00fablica. De tal suerte que las tasas de homicidios retrocedieron a 2009, antes de que fueran implementados los proyectos\u201d.<\/p>\n<h6>Fuente: Los Andes<\/h6>\n","protected":false},"excerpt":{"rendered":"<p>Seg\u00fan cifras oficiales, monitoreadas por ONU, en el primer semestre de 2017 mataron a 28.200 personas. En Argentina, la tasa es casi 5 veces menor.<\/p>\n","protected":false},"author":2,"featured_media":66877,"comment_status":"closed","ping_status":"closed","sticky":false,"template":"","format":"standard","meta":{"footnotes":""},"categories":[22],"tags":[57],"class_list":["post-66876","post","type-post","status-publish","format-standard","has-post-thumbnail","hentry","category-el-mundo","tag-el-mundo"],"_links":{"self":[{"href":"http:\/\/argentinamunicipal.com.ar\/argentina\/wp-json\/wp\/v2\/posts\/66876","targetHints":{"allow":["GET"]}}],"collection":[{"href":"http:\/\/argentinamunicipal.com.ar\/argentina\/wp-json\/wp\/v2\/posts"}],"about":[{"href":"http:\/\/argentinamunicipal.com.ar\/argentina\/wp-json\/wp\/v2\/types\/post"}],"author":[{"embeddable":true,"href":"http:\/\/argentinamunicipal.com.ar\/argentina\/wp-json\/wp\/v2\/users\/2"}],"replies":[{"embeddable":true,"href":"http:\/\/argentinamunicipal.com.ar\/argentina\/wp-json\/wp\/v2\/comments?post=66876"}],"version-history":[{"count":0,"href":"http:\/\/argentinamunicipal.com.ar\/argentina\/wp-json\/wp\/v2\/posts\/66876\/revisions"}],"wp:featuredmedia":[{"embeddable":true,"href":"http:\/\/argentinamunicipal.com.ar\/argentina\/wp-json\/wp\/v2\/media\/66877"}],"wp:attachment":[{"href":"http:\/\/argentinamunicipal.com.ar\/argentina\/wp-json\/wp\/v2\/media?parent=66876"}],"wp:term":[{"taxonomy":"category","embeddable":true,"href":"http:\/\/argentinamunicipal.com.ar\/argentina\/wp-json\/wp\/v2\/categories?post=66876"},{"taxonomy":"post_tag","embeddable":true,"href":"http:\/\/argentinamunicipal.com.ar\/argentina\/wp-json\/wp\/v2\/tags?post=66876"}],"curies":[{"name":"wp","href":"https:\/\/api.w.org\/{rel}","templated":true}]}}