{"id":66888,"date":"2017-08-23T08:38:33","date_gmt":"2017-08-23T11:38:33","guid":{"rendered":"http:\/\/argentinamunicipal.com.ar\/argentina\/?p=66888"},"modified":"2017-08-23T08:38:33","modified_gmt":"2017-08-23T11:38:33","slug":"soemco-caleta-olivia-cuarto-intermedio-jueves","status":"publish","type":"post","link":"http:\/\/argentinamunicipal.com.ar\/argentina\/soemco-caleta-olivia-cuarto-intermedio-jueves\/","title":{"rendered":"SOEMCO Caleta Olivia: cuarto intermedio hasta el jueves"},"content":{"rendered":"<p>Ayer por la ma\u00f1ana, los delegados e integrantes de la Comisi\u00f3n Directiva del Sindicato de Obreros y Empleados Municipales de Caleta Olivia (SOEMCO) se reunieron para decidir las futuras acciones y medidas de fuerza en la localidad. En medio de un clima tenso, se decidi\u00f3 pasar a un cuarto intermedio hasta las 9 horas del jueves. En tal sentido, el secretario general del gremio, Juli\u00e1n Carrizo, expres\u00f3 que \u201cno hay una resoluci\u00f3n concreta\u201d, ya que se tienen que solicitar \u201centre 30 y 40 millones de pesos extraordinarios todos los meses a la Provincia para poder cubrir los salarios\u201d.<br \/>\nAsimismo reiter\u00f3 que la situaci\u00f3n es dif\u00edcil y que el gremio est\u00e1 disconforme \u201ccon ambos gobiernos, porque no hay respuestas\u201d.<br \/>\nEn este contexto de incertidumbre, el Municipio ya comenz\u00f3 a abonar los sueldos al personal municipal. No trascendi\u00f3 si la medida de fuerza se levantar\u00eda o no, aunque cabe se\u00f1alar que de todos modos la misma no es acatada por la totalidad de los trabajadores municipales de Caleta Olivia.<br \/>\nLa planta municipal oscila en unos 6.000 trabajadores, de los cuales 3.500 son de planta permanente y el resto contratados, de planes sociales y cooperativas.<\/p>\n<h6>Fuetne: La Opinion Austral<\/h6>\n","protected":false},"excerpt":{"rendered":"<p>Ayer por la ma\u00f1ana, los delegados e integrantes de la Comisi\u00f3n Directiva del Sindicato de Obreros y Empleados Municipales de Caleta Olivia (SOEMCO) se reunieron para decidir las futuras acciones y medidas de fuerza en la localidad. <\/p>\n","protected":false},"author":2,"featured_media":66889,"comment_status":"closed","ping_status":"closed","sticky":false,"template":"","format":"standard","meta":{"footnotes":""},"categories":[7],"tags":[29],"class_list":["post-66888","post","type-post","status-publish","format-standard","has-post-thumbnail","hentry","category-informe-sindical","tag-santa-cruz"],"_links":{"self":[{"href":"http:\/\/argentinamunicipal.com.ar\/argentina\/wp-json\/wp\/v2\/posts\/66888","targetHints":{"allow":["GET"]}}],"collection":[{"href":"http:\/\/argentinamunicipal.com.ar\/argentina\/wp-json\/wp\/v2\/posts"}],"about":[{"href":"http:\/\/argentinamunicipal.com.ar\/argentina\/wp-json\/wp\/v2\/types\/post"}],"author":[{"embeddable":true,"href":"http:\/\/argentinamunicipal.com.ar\/argentina\/wp-json\/wp\/v2\/users\/2"}],"replies":[{"embeddable":true,"href":"http:\/\/argentinamunicipal.com.ar\/argentina\/wp-json\/wp\/v2\/comments?post=66888"}],"version-history":[{"count":0,"href":"http:\/\/argentinamunicipal.com.ar\/argentina\/wp-json\/wp\/v2\/posts\/66888\/revisions"}],"wp:featuredmedia":[{"embeddable":true,"href":"http:\/\/argentinamunicipal.com.ar\/argentina\/wp-json\/wp\/v2\/media\/66889"}],"wp:attachment":[{"href":"http:\/\/argentinamunicipal.com.ar\/argentina\/wp-json\/wp\/v2\/media?parent=66888"}],"wp:term":[{"taxonomy":"category","embeddable":true,"href":"http:\/\/argentinamunicipal.com.ar\/argentina\/wp-json\/wp\/v2\/categories?post=66888"},{"taxonomy":"post_tag","embeddable":true,"href":"http:\/\/argentinamunicipal.com.ar\/argentina\/wp-json\/wp\/v2\/tags?post=66888"}],"curies":[{"name":"wp","href":"https:\/\/api.w.org\/{rel}","templated":true}]}}