{"id":66891,"date":"2017-08-28T07:17:34","date_gmt":"2017-08-28T10:17:34","guid":{"rendered":"http:\/\/argentinamunicipal.com.ar\/argentina\/?p=66891"},"modified":"2017-08-28T07:17:34","modified_gmt":"2017-08-28T10:17:34","slug":"agricultura-familiar-reducen-presupuesto-cae-la-actividad-los-productores","status":"publish","type":"post","link":"http:\/\/argentinamunicipal.com.ar\/argentina\/agricultura-familiar-reducen-presupuesto-cae-la-actividad-los-productores\/","title":{"rendered":"Agricultura familiar: Reducen el presupuesto y cae la actividad de los productores"},"content":{"rendered":"<p>Cerraron m\u00e1s de mil grupos de trabajo y el resto qued\u00f3 bajo la \u00f3rbita del Ministerio de Desarrollo Social. Ex t\u00e9cnicos del programa Cambio Rural, que asesora a productores de todo el pa\u00eds, denunciaron que el Ministerio de Agroindustria \u201cdesconoce al sector como productor de alimentos\u201d. Mira la entrevista en QM Agro, por QM Noticias.<\/p>\n<p>El programa Cambio Rural naci\u00f3 en la d\u00e9cada del 90 para brindar asistencia t\u00e9cnica financiada por el Estado a un grupo de productores con fines comunes,dar un salto de comercializaci\u00f3n, agregar devalor a la producci\u00f3n o, simplemente, organizarse para tener un mejor acceso a insumos y ventas.<\/p>\n<p>\u201cEn los \u00faltimos a\u00f1os se relanz\u00f3 Cambio Rural II con mucho hincapi\u00e9 en la agricultura familiar para que el sector pudiera alcanzar un salto importante\u201d, destac\u00f3 Ezequiel Wainer, ex t\u00e9cnico del programa gestionado por el Instituto Nacional de Tecnolog\u00eda Agropecuaria (INTA).<\/p>\n<p>Sin embargo, seg\u00fan coment\u00f3 el Ingeniero Agr\u00f3nomo, desde diciembre de 2015 se fue reduciendo el acompa\u00f1amiento estatal de los grupos: \u201cel a\u00f1o pasado se subejecut\u00f3 el presupuesto y se dieron de baja mil grupos. Ahora bajan mil m\u00e1s y trescientos de esos pasar\u00edan al \u00e1mbito de Desarrollo Social, si es que los quieren tomar\u201d.<\/p>\n<p>\u201cVemos como una amenaza que el Estado no se haga cargo de apoyar a un sector que provee de los alimentos que comemos todos los argentinos\u201d, advirti\u00f3 Guillermina Ferraris, ex t\u00e9cnica de Cambio Rural.<\/p>\n<p>En el cord\u00f3n frutihort\u00edcola de La Plata, uno de los m\u00e1s importantes del pa\u00eds, quedaron solamente seis grupos activos de veintis\u00e9is, tras el \u00faltimo recorte. \u201cEn febrero hubo una tormenta que afect\u00f3 al sector de agricultura familiar de la ciudad y las pol\u00edticas que el Estado Nacional, Provincial y Municipal pretendieron llevar adelante, no han tenido el efecto deseado por los productores\u201d, expres\u00f3 Ezequiel C\u00e1ceres, de Corriente Agraria Nacional y Popular (CANPO) y agreg\u00f3: \u201cHubo p\u00e9rdidas de 300 millones de pesos y la asistencia fue escasa; cada productor recibi\u00f3 seis mil pesos, cuando se necesita medio mill\u00f3n para trabajar media hect\u00e1rea\u201d.<\/p>\n<h6>Fuente: InfoCielo<\/h6>\n","protected":false},"excerpt":{"rendered":"<p>Cerraron m\u00e1s de mil grupos de trabajo y el resto qued\u00f3 bajo la \u00f3rbita del Ministerio de Desarrollo Social. <\/p>\n","protected":false},"author":2,"featured_media":66892,"comment_status":"closed","ping_status":"closed","sticky":false,"template":"","format":"standard","meta":{"footnotes":""},"categories":[8],"tags":[21],"class_list":["post-66891","post","type-post","status-publish","format-standard","has-post-thumbnail","hentry","category-informe-nacional","tag-argentina"],"_links":{"self":[{"href":"http:\/\/argentinamunicipal.com.ar\/argentina\/wp-json\/wp\/v2\/posts\/66891","targetHints":{"allow":["GET"]}}],"collection":[{"href":"http:\/\/argentinamunicipal.com.ar\/argentina\/wp-json\/wp\/v2\/posts"}],"about":[{"href":"http:\/\/argentinamunicipal.com.ar\/argentina\/wp-json\/wp\/v2\/types\/post"}],"author":[{"embeddable":true,"href":"http:\/\/argentinamunicipal.com.ar\/argentina\/wp-json\/wp\/v2\/users\/2"}],"replies":[{"embeddable":true,"href":"http:\/\/argentinamunicipal.com.ar\/argentina\/wp-json\/wp\/v2\/comments?post=66891"}],"version-history":[{"count":0,"href":"http:\/\/argentinamunicipal.com.ar\/argentina\/wp-json\/wp\/v2\/posts\/66891\/revisions"}],"wp:featuredmedia":[{"embeddable":true,"href":"http:\/\/argentinamunicipal.com.ar\/argentina\/wp-json\/wp\/v2\/media\/66892"}],"wp:attachment":[{"href":"http:\/\/argentinamunicipal.com.ar\/argentina\/wp-json\/wp\/v2\/media?parent=66891"}],"wp:term":[{"taxonomy":"category","embeddable":true,"href":"http:\/\/argentinamunicipal.com.ar\/argentina\/wp-json\/wp\/v2\/categories?post=66891"},{"taxonomy":"post_tag","embeddable":true,"href":"http:\/\/argentinamunicipal.com.ar\/argentina\/wp-json\/wp\/v2\/tags?post=66891"}],"curies":[{"name":"wp","href":"https:\/\/api.w.org\/{rel}","templated":true}]}}