{"id":66900,"date":"2017-08-28T07:30:06","date_gmt":"2017-08-28T10:30:06","guid":{"rendered":"http:\/\/argentinamunicipal.com.ar\/argentina\/?p=66900"},"modified":"2017-08-28T07:30:06","modified_gmt":"2017-08-28T10:30:06","slug":"desde-1pais-afirman-todavia-mas-70-mil-familias-esperan-les-devuelva-las-pensiones-discapacidad","status":"publish","type":"post","link":"http:\/\/argentinamunicipal.com.ar\/argentina\/desde-1pais-afirman-todavia-mas-70-mil-familias-esperan-les-devuelva-las-pensiones-discapacidad\/","title":{"rendered":"Desde 1Pa\u00eds afirman que todav\u00eda hay m\u00e1s de \u201c70 mil familias que esperan que les devuelva las pensiones por discapacidad\u201d"},"content":{"rendered":"<p>Daniel Arroyo de 1Pa\u00eds sostuvo que todav\u00eda hay miles de personas en todo el pa\u00eds a las cuales no se le han devuelto las pensiones por discapacidad, a pesar de una supuesta \u201cmarcha atr\u00e1s\u201d del gobierno en esta medida.<\/p>\n<p>Seg\u00fan el candidato a diputado nacional por 1Pa\u00eds, Daniel Arroyo, a\u00fan faltan \u201c70 mil familias que esperan que el gobierno les devuelva las pensiones\u201d por discapacidad, luego de que el ejecutivo intentara reducir pensiones en todo el pa\u00eds.<\/p>\n<p>El ex ministro de desarrollo social en la provincia, record\u00f3 que desde hace dos meses, la fuerza que lidera Sergio Massa realiz\u00f3 un reclamo mediante una medida cautelar.<\/p>\n<p>\u00abNo alcanza solo con echar a la persona que quit\u00f3 el subsidio\u00bb, dijo Arroyo en referencia al recientemente desplazado Guillermo Bandino, quien hasta ahora estuvo a cargo de la Comisi\u00f3n Nacional de Pensiones Asistenciales.<\/p>\n<p>Daniel Arroyo.<br \/>\n\u201cEl Estado no es una empresa, la medida afecta a miles de personas que dependen de ese beneficio. Son vidas que la siguen pasando mal porque el Gobierno no los tienen en cuenta y los margina\u00bb, precis\u00f3 el candidato.<\/p>\n<p>El hasta ahora titular de la Comisi\u00f3n de pensionados hab\u00eda dicho durante los d\u00edas que se hab\u00eda anunciado los recortes que \u00abuna persona con s\u00edndrome de down no es sujeto de derecho de esta pensi\u00f3n. Puede trabajar si lo deseara, quiz\u00e1s le pueda caber la asignaci\u00f3n universal por hijo\u201d.<\/p>\n<p>Seg\u00fan Arroyo, uno de los hombres fuertes que tiene Massa en su armado, el gobierno \u201csigue manejando muy mal\u201d la situaci\u00f3n social, en la que durante este \u00faltimo a\u00f1o y medio se han incorporado a la pobreza miles de personas.<\/p>\n<p>\u201cEl Estado no es un excel, cada decisi\u00f3n afecta a miles de personas. Hay que analizar cada caso y despu\u00e9s tomar una medida. La sociedad es muy compleja. Hablamos de familias, de tratamientos, de medicamentos, de necesidades b\u00e1sicas. No pasa por echar al responsable del \u00e1rea, eso es para una empresa\u00bb, dijo ir\u00f3nico, Arroyo.<\/p>\n<p>En este sentido, la alianza entre el Frente Renovador y el GEN de Margarita Stolbizer, destac\u00f3 el caso de Dora Ort\u00edz, madre un hijo con discapacidad de 43 a\u00f1os, a quien se le devolvi\u00f3 la pensi\u00f3n luego de que el espacio presentara un amparo colectivo en la Justicia.<\/p>\n<p>\u00abAl \u00fanico caso al que le devolvieron el beneficio fue al de Dora Ort\u00edz, las otras miles de personas siguen esperando, sin poder comprar medicamentos, seguir tratamientos o sin poder comprar alimentos\u201d, aclar\u00f3 el Dr. Claudio Esp\u00f3sito, referente en Discapacidad del frente 1Pa\u00eds.<\/p>\n<h6>Fuente: Infocielo<\/h6>\n","protected":false},"excerpt":{"rendered":"<p>Daniel Arroyo de 1Pa\u00eds sostuvo que todav\u00eda hay miles de personas en todo el pa\u00eds a las cuales no se le han devuelto las pensiones por discapacidad, a pesar de una supuesta \u201cmarcha atr\u00e1s\u201d del gobierno en esta medida.<\/p>\n","protected":false},"author":2,"featured_media":66901,"comment_status":"closed","ping_status":"closed","sticky":false,"template":"","format":"standard","meta":{"footnotes":""},"categories":[8],"tags":[21],"class_list":["post-66900","post","type-post","status-publish","format-standard","has-post-thumbnail","hentry","category-informe-nacional","tag-argentina"],"_links":{"self":[{"href":"http:\/\/argentinamunicipal.com.ar\/argentina\/wp-json\/wp\/v2\/posts\/66900","targetHints":{"allow":["GET"]}}],"collection":[{"href":"http:\/\/argentinamunicipal.com.ar\/argentina\/wp-json\/wp\/v2\/posts"}],"about":[{"href":"http:\/\/argentinamunicipal.com.ar\/argentina\/wp-json\/wp\/v2\/types\/post"}],"author":[{"embeddable":true,"href":"http:\/\/argentinamunicipal.com.ar\/argentina\/wp-json\/wp\/v2\/users\/2"}],"replies":[{"embeddable":true,"href":"http:\/\/argentinamunicipal.com.ar\/argentina\/wp-json\/wp\/v2\/comments?post=66900"}],"version-history":[{"count":0,"href":"http:\/\/argentinamunicipal.com.ar\/argentina\/wp-json\/wp\/v2\/posts\/66900\/revisions"}],"wp:featuredmedia":[{"embeddable":true,"href":"http:\/\/argentinamunicipal.com.ar\/argentina\/wp-json\/wp\/v2\/media\/66901"}],"wp:attachment":[{"href":"http:\/\/argentinamunicipal.com.ar\/argentina\/wp-json\/wp\/v2\/media?parent=66900"}],"wp:term":[{"taxonomy":"category","embeddable":true,"href":"http:\/\/argentinamunicipal.com.ar\/argentina\/wp-json\/wp\/v2\/categories?post=66900"},{"taxonomy":"post_tag","embeddable":true,"href":"http:\/\/argentinamunicipal.com.ar\/argentina\/wp-json\/wp\/v2\/tags?post=66900"}],"curies":[{"name":"wp","href":"https:\/\/api.w.org\/{rel}","templated":true}]}}