{"id":66927,"date":"2017-08-28T08:14:08","date_gmt":"2017-08-28T11:14:08","guid":{"rendered":"http:\/\/argentinamunicipal.com.ar\/argentina\/?p=66927"},"modified":"2017-08-28T08:14:08","modified_gmt":"2017-08-28T11:14:08","slug":"la-liga-gobernadores-del-pj-avanza-una-estrategia-comun-vidal","status":"publish","type":"post","link":"http:\/\/argentinamunicipal.com.ar\/argentina\/la-liga-gobernadores-del-pj-avanza-una-estrategia-comun-vidal\/","title":{"rendered":"La liga de gobernadores del PJ avanza en una estrategia com\u00fan contra Vidal"},"content":{"rendered":"<p>Se reunir\u00e1n ma\u00f1ana en la Capital Federal y esperan el respaldo de distritos no peronistas como Santa Fe y R\u00edo Negro<\/p>\n<p>Los gobernadores del PJ tienen previsto reunirse ma\u00f1ana en la Capital Federal para avanzar en una estrategia com\u00fan frente al reclamo de la mandataria bonaerense, Mar\u00eda Eugenia Vidal, de una actualizaci\u00f3n del Fondo del Conurbano, un tr\u00e1mite que actualmente est\u00e1 en manos de la Corte Suprema de Justicia nacional.<\/p>\n<p>Si bien la convocatoria estaba prevista, en un principio, entre jefes territoriales justicialistas, no descartaron que pudieran sumarse mandatarios no peronistas como el santafesino Miguel Lifschitz o el rionegrino Alberto Weretilneck.<\/p>\n<p>Al menos hasta anoche, y seg\u00fan pudo saber La Capital, la Casa Gris no hab\u00eda fijado una posici\u00f3n respecto de la posibildiad de sumarse al encuentro.<\/p>\n<p>Fuentes del peronismo deslizaron que la cumbre se realizar\u00eda por la ma\u00f1ana en el Consejo Federal de Inversiones (CFI), en el centro porte\u00f1o, o en alguna de las casas de las provincias en la Capital Federal, en l\u00ednea con los encuentros que los mandatarios vienen manteniendo en los \u00faltimos meses.<\/p>\n<p>El viernes pasado, los fiscales de Estado de distintas provincias ratificaron en una cita su \u00abacuerdo para ejercer las defensas jur\u00eddicas que le correspondan ante la Corte Suprema, en resguardo del patrimonio provincial y los intereses de sus ciudadanos\u00bb.<\/p>\n<p>En ese c\u00f3nclave, el fiscal de Estado de San Luis, Eduardo Allende, sostuvo que el planteo de Vidal alinea a administraciones de distinto signo (incluidos los distritos de Cambiemos) respecto de la \u00abgran preocupaci\u00f3n\u00bb que genera la posibilidad de que un fallo favorable a Buenos Aires precipite un desfinanciamiento de las arcas provinciales.<\/p>\n<p>Primera se\u00f1al<\/p>\n<p>Diez d\u00edas antes de las Paso, los gobernadores peronistas \u2014en liga ampliada y m\u00e1s cr\u00edtica\u2014 se hab\u00edan plantado frente a la pelea judicial de Vidal para volarle el techo al Fondo del Conurbano y cosechar unos 300 mil millones de pesos extra.<\/p>\n<p>Por eso, resolvieron pedir una audiencia al presidente de la Corte, Ricardo Lorenzetti, para advertir los riesgos de la pretensi\u00f3n y proponer una salida pol\u00edtica, v\u00eda una reforma fiscal. Y lanzaron una dura batalla contra el presidente Mauricio Macri en el Congreso para garantizar un mayor env\u00edo de recursos a las provincias.<\/p>\n<p>Fue en el marco de una cumbre en la porte\u00f1a Casa de Entre R\u00edos, con Gustavo Bordet como anfitri\u00f3n, que reuni\u00f3 a doce mandatarios del PJ, un vice y un candidato a gobernador justicialista y dibuj\u00f3 una foto de fuerte contenido pol\u00edtico que los muestra unidos en los reclamos ante la Casa Rosada y en la reorganizaci\u00f3n partidaria de cara a 2019.<\/p>\n<p>Asimismo, los gobernadores del PJ convocaron al resto de sus pares no peronistas a acompa\u00f1ar la defensa de las arcas provinciales frente al reclamo de Vidal, al invitarlos a que se sumen a la posici\u00f3n que el sector presentar\u00e1 ante el m\u00e1ximo tribunal.<\/p>\n<p>Sobre esa l\u00ednea de acci\u00f3n avanzaron en t\u00e9rminos formales los fiscales de Estado que se congregaron el viernes, en la antesala de la cumbre que concretar\u00e1n los mandatarios peronistas.<\/p>\n<p>En la demanda que realiz\u00f3 el a\u00f1o pasado ante la Corte Suprema, Vidal pidi\u00f3 la eliminaci\u00f3n del tope de 650 millones de pesos del Fondo del Conurbano (cifra que fue impuesta en 1995). Por lo que, si el reclamo avanzara, obtendr\u00eda una actualizaci\u00f3n del orden de los 53 mil millones.<\/p>\n<p>Luego de las recientes elecciones primarias, la gobernadora asegur\u00f3 que continuar\u00e1 con su reclamo, m\u00e1s all\u00e1 del resultado electoral.<\/p>\n<p>\u00abNo importa el resultado. Pelear el Fondo del Conurbano es mi responsabilidad y obligaci\u00f3n. Y debi\u00f3 ser la obligaci\u00f3n, incumplida, de los anteriores gobernadores\u00bb, afirm\u00f3 la mandataria bonaerense.<\/p>\n<p>Los fiscales de Estado de distintas provincias ratificaron que ejercer\u00e1n defensas jur\u00eddicas ante la Corte<\/p>\n<h6>Fuente: La Capital Rosario<\/h6>\n","protected":false},"excerpt":{"rendered":"<p>Se reunir\u00e1n ma\u00f1ana en la Capital Federal y esperan el respaldo de distritos no peronistas como Santa Fe y R\u00edo Negro<\/p>\n","protected":false},"author":2,"featured_media":66928,"comment_status":"closed","ping_status":"closed","sticky":false,"template":"","format":"standard","meta":{"footnotes":""},"categories":[65],"tags":[21],"class_list":["post-66927","post","type-post","status-publish","format-standard","has-post-thumbnail","hentry","category-provincias","tag-argentina"],"_links":{"self":[{"href":"http:\/\/argentinamunicipal.com.ar\/argentina\/wp-json\/wp\/v2\/posts\/66927","targetHints":{"allow":["GET"]}}],"collection":[{"href":"http:\/\/argentinamunicipal.com.ar\/argentina\/wp-json\/wp\/v2\/posts"}],"about":[{"href":"http:\/\/argentinamunicipal.com.ar\/argentina\/wp-json\/wp\/v2\/types\/post"}],"author":[{"embeddable":true,"href":"http:\/\/argentinamunicipal.com.ar\/argentina\/wp-json\/wp\/v2\/users\/2"}],"replies":[{"embeddable":true,"href":"http:\/\/argentinamunicipal.com.ar\/argentina\/wp-json\/wp\/v2\/comments?post=66927"}],"version-history":[{"count":0,"href":"http:\/\/argentinamunicipal.com.ar\/argentina\/wp-json\/wp\/v2\/posts\/66927\/revisions"}],"wp:featuredmedia":[{"embeddable":true,"href":"http:\/\/argentinamunicipal.com.ar\/argentina\/wp-json\/wp\/v2\/media\/66928"}],"wp:attachment":[{"href":"http:\/\/argentinamunicipal.com.ar\/argentina\/wp-json\/wp\/v2\/media?parent=66927"}],"wp:term":[{"taxonomy":"category","embeddable":true,"href":"http:\/\/argentinamunicipal.com.ar\/argentina\/wp-json\/wp\/v2\/categories?post=66927"},{"taxonomy":"post_tag","embeddable":true,"href":"http:\/\/argentinamunicipal.com.ar\/argentina\/wp-json\/wp\/v2\/tags?post=66927"}],"curies":[{"name":"wp","href":"https:\/\/api.w.org\/{rel}","templated":true}]}}