{"id":66930,"date":"2017-08-28T08:16:19","date_gmt":"2017-08-28T11:16:19","guid":{"rendered":"http:\/\/argentinamunicipal.com.ar\/argentina\/?p=66930"},"modified":"2017-08-28T08:16:19","modified_gmt":"2017-08-28T11:16:19","slug":"las-farc-abren-primer-congreso-desarmadas-vistas-crear-partido","status":"publish","type":"post","link":"http:\/\/argentinamunicipal.com.ar\/argentina\/las-farc-abren-primer-congreso-desarmadas-vistas-crear-partido\/","title":{"rendered":"Las Farc abren su primer congreso desarmadas y con vistas a crear un partido"},"content":{"rendered":"<p>Unos 1.200 delegados debaten en Bogot\u00e1. La c\u00fapula guerrillera tiene aseguradas 10 bancas en el Parlamento colombiano<\/p>\n<p>Las Fuerzas Armadas Revolucionarias de Colombia (Farc) comenzaron su congreso nacional en Bogot\u00e1, una cita que har\u00e1 historia ya que la organizaci\u00f3n ratificar\u00e1 su decisi\u00f3n de convertirse en un partido pol\u00edtico legal bajo la consigna \u00abpor un gobierno de transici\u00f3n para la reconciliaci\u00f3n y la paz\u00bb. El partido llevar\u00e1 las mismas siglas y consignas revolucionarias que la guerrilla que asol\u00f3 Colombia durante casi 60 a\u00f1os.<\/p>\n<p>El m\u00e1ximo l\u00edder de las Farc Rodrigo Londo\u00f1o, dijo que la organizaci\u00f3n seguir\u00e1 siendo revolucionaria aunque haya abandonado la actividad guerrillera. Londo\u00f1o hizo el pronunciamiento al instalar el congreso, nueve meses despu\u00e9s de la firma del acuerdo de paz que permiti\u00f3 el desarme y desmovilizaci\u00f3n de la guerrilla. \u00abAl reunirnos en este congreso estamos dando un paso trascendental en la historia de las luchas populares en Colombia. Nos transformaremos en una organizaci\u00f3n exclusivamente pol\u00edtica que ejercer\u00e1 su actividad por medios legales\u00bb, prometi\u00f3. \u00abEso no significa que vamos a renunciar a los fundamentos ideol\u00f3gicos y nuestros proyectos de sociedad. Seguiremos siendo tan revolucionarios como los marquetalianos\u00bb, en referencia a la aparici\u00f3n de unos campesinos armados que en 1964 fundaron las Farcen el caser\u00edo de Marquetalia. Londo\u00f1o prometi\u00f3 que el partido no ser\u00e1 dogm\u00e1tico ni sectario y rivalizar\u00e1 con sus contradictores \u00absin soberbia y con respeto\u00bb.<\/p>\n<p>Al congreso, llamado \u00abPor un Gobierno de Transici\u00f3n para la Reconciliaci\u00f3n y la Paz\u00bb, asisten unos 1.200 delegados y cerca de 200 invitados del exterior. En el encuentro, que se prolongar\u00e1 hasta el pr\u00f3ximo viernes, se definir\u00e1 el nombre del partido, sus colores, s\u00edmbolos, estatuto, programa, as\u00ed como los dirigentes que ocupar\u00e1n bancas en el Congreso de Colombia. En cuanto al nombre, el l\u00edder Iv\u00e1n M\u00e1rquez ya adelant\u00f3 que se llamar\u00e1n Fuerzas Alternativas Revolucionarias de Colombia, de manera de conservar la sigla.<\/p>\n<p>Bancas ya asignadas<\/p>\n<p>Las Farc escoger\u00e1n a los 10 delegados que representar\u00e1n a la organizaci\u00f3n en el Congreso naciona, que ser\u00e1 elegido en marzo de 2018. Esa representaci\u00f3n fija y no sujeta al resultado de las urnas, fue convenida en el acuerdo de paz de noviembre pasado. Tendr\u00e1n cinco esca\u00f1os en el Senado y cinco en Representantes. Una decisi\u00f3n cuestionada por buena parte de la oposici\u00f3n y la prensa, porque los esca\u00f1os no saldr\u00e1n del voto popular. Por esto, el comisionado para la Paz, Rodrigo Rivera, record\u00f3 que despu\u00e9s de esa representaci\u00f3n de 10 esca\u00f1os en el Congreso, a las Farc les tocar\u00e1 competir en las urnas.<\/p>\n<p>El congreso de las Farc se realiza en momentos en que casi 7.000 guerrilleros permanecen concentrados en 26 sectores\u00bb, en los cuales est\u00e1n en fase de desmovilizaci\u00f3n. La entrega de las armas se dio por terminada en forma oficial el pasado 16 de agosto, con una ceremonia dirigida por el presidente Juan Manuel Santos.<\/p>\n<p>El congreso de las Farc llega despu\u00e9s de la firma del acuerdo de paz, que incluye la incorporaci\u00f3n de la guerrilla a la vida pol\u00edtica, punto en el que la oposici\u00f3n colombiana y los cr\u00edticos del pacto refutan con \u00e9nfasis.<\/p>\n<p>Inventario \u00abirrelevante\u00bb<\/p>\n<p>Adem\u00e1s, se gener\u00f3 una fuerte pol\u00e9mica porque la guerrilla le entreg\u00f3 a la misi\u00f3n de la ONU en Colombia un listado de bienes que el fiscal general, N\u00e9stor Humberto Mart\u00ednez, calific\u00f3 de \u00abirrelevante\u00bb. Las Farc estimaron bienes por 325 millones de d\u00f3lares, incluyendo tierras, ganado, armamento y efectivo, entre otros. El fiscal Mart\u00ednez critic\u00f3 ese inventario: se\u00f1al\u00f3 que incluyen cosas tales como \u00abutensilios, ollas, exprimidores de naranja y botas que no tienen valor comercial, por lo que no van a ser fuente de reparaci\u00f3n para las v\u00edctimas. Los bienes se identifican por su mero nombre,. lo que hace francamente in\u00fatil e improcedente el inventario, tanto para hacer viable su enajenaci\u00f3n como para establecer los activos que son susceptibles de extinci\u00f3n de dominio\u00bb, denunci\u00f3. La guerrilla afirm\u00f3 ayer que el inventario entregado a la ONU se hizo \u00abcon el m\u00e1ximo rigor posible\u00bb.<\/p>\n<h6>Fuente: La Capital Rosario<\/h6>\n","protected":false},"excerpt":{"rendered":"<p>Unos 1.200 delegados debaten en Bogot\u00e1. La c\u00fapula guerrillera tiene aseguradas 10 bancas en el Parlamento colombiano<\/p>\n","protected":false},"author":2,"featured_media":66931,"comment_status":"closed","ping_status":"closed","sticky":false,"template":"","format":"standard","meta":{"footnotes":""},"categories":[22],"tags":[57],"class_list":["post-66930","post","type-post","status-publish","format-standard","has-post-thumbnail","hentry","category-el-mundo","tag-el-mundo"],"_links":{"self":[{"href":"http:\/\/argentinamunicipal.com.ar\/argentina\/wp-json\/wp\/v2\/posts\/66930","targetHints":{"allow":["GET"]}}],"collection":[{"href":"http:\/\/argentinamunicipal.com.ar\/argentina\/wp-json\/wp\/v2\/posts"}],"about":[{"href":"http:\/\/argentinamunicipal.com.ar\/argentina\/wp-json\/wp\/v2\/types\/post"}],"author":[{"embeddable":true,"href":"http:\/\/argentinamunicipal.com.ar\/argentina\/wp-json\/wp\/v2\/users\/2"}],"replies":[{"embeddable":true,"href":"http:\/\/argentinamunicipal.com.ar\/argentina\/wp-json\/wp\/v2\/comments?post=66930"}],"version-history":[{"count":0,"href":"http:\/\/argentinamunicipal.com.ar\/argentina\/wp-json\/wp\/v2\/posts\/66930\/revisions"}],"wp:featuredmedia":[{"embeddable":true,"href":"http:\/\/argentinamunicipal.com.ar\/argentina\/wp-json\/wp\/v2\/media\/66931"}],"wp:attachment":[{"href":"http:\/\/argentinamunicipal.com.ar\/argentina\/wp-json\/wp\/v2\/media?parent=66930"}],"wp:term":[{"taxonomy":"category","embeddable":true,"href":"http:\/\/argentinamunicipal.com.ar\/argentina\/wp-json\/wp\/v2\/categories?post=66930"},{"taxonomy":"post_tag","embeddable":true,"href":"http:\/\/argentinamunicipal.com.ar\/argentina\/wp-json\/wp\/v2\/tags?post=66930"}],"curies":[{"name":"wp","href":"https:\/\/api.w.org\/{rel}","templated":true}]}}