{"id":66933,"date":"2017-08-28T08:18:54","date_gmt":"2017-08-28T11:18:54","guid":{"rendered":"http:\/\/argentinamunicipal.com.ar\/argentina\/?p=66933"},"modified":"2017-08-28T08:18:54","modified_gmt":"2017-08-28T11:18:54","slug":"la-municipalidad-san-carlos-despidieron-la-trabajadora-victima-violencia","status":"publish","type":"post","link":"http:\/\/argentinamunicipal.com.ar\/argentina\/la-municipalidad-san-carlos-despidieron-la-trabajadora-victima-violencia\/","title":{"rendered":"En la Municipalidad de San Carlos despidieron a la trabajadora v\u00edctima de violencia"},"content":{"rendered":"<p>ANTE LA GRAVEDAD DE LA SITUACI\u00d3N, LA SUBSECRETAR\u00cdA DE DERECHOS HUMANOS DE LA PROVINCIA PIDI\u00d3 INFORMES AL INTENDENTE PLACENZOTTI.<\/p>\n<p>En un contexto de inusitada impunidad, el Intendente de San Carlos Centro Jorge Placenzotti firm\u00f3 el Decreto de cesant\u00eda de la trabajadora municipal que fuera v\u00edctima de violencia de g\u00e9nero en el \u00e1mbito laboral de esa Administraci\u00f3n.<\/p>\n<p>La agente que fue sometida a sistem\u00e1ticas persecuciones y agresiones durante su desempe\u00f1o como empleada de esa Municipalidad, fue, finalmente, encontrada por sus compa\u00f1eros, desvanecida en su lugar de trabajo con la consecuente p\u00e9rdida del embarazo que estos hechos le generaron.<\/p>\n<p>Asistida por el cuerpo de Bomberos de la localidad, fue internada en una cl\u00ednica de la zona, donde las autoridades municipales intentaron sustraerle sus efectos personales, ropa y dem\u00e1s pertenencias en el momento que era atendida de emergencia.<\/p>\n<p>Lejos de brindar los cuidados que requiere todo ser humano en instancias como estas, el Estado procedi\u00f3 a sumariarla y suspenderla agregando el castigo econ\u00f3mico y psicol\u00f3gico sobre la v\u00edctima.<\/p>\n<p>En un acto desafiante a las leyes que protegen a las mujeres, a los trabajadores y a las obligaciones del Estado Municipal, el Intendente procedi\u00f3 a dictar la cesant\u00eda y el despido de la compa\u00f1era afectada.<\/p>\n<p>FESTRAM procedi\u00f3 a denunciar penalmente al Intendente de San Carlos y la trabajadora se constituy\u00f3 en querellante en la causa \u201cJORGE, PLACENZOTTI s\/ ABUSO DE AUTORIDAD E INCUMPLIMIENTO DE LOS DEBERES DE FUNCIONARIO PUBLICO\u201d.<\/p>\n<p>En esta instancia interviene la Subsecretar\u00eda de Derechos Humanos de la Provincia de Santa Fe, reclamando la urgente informaci\u00f3n de los hechos que permitan actuar en consecuencia. Tanto FESTRAM, como el Sindicato de Trabajadores Municipales de San Carlos, esperan que se concreten las acciones que la legislaci\u00f3n establece para los organismos estatales cuando deben intervenir frente a situaciones de violencia laboral y de g\u00e9nero, como son, concretamente, los casos del Ministerio de Trabajo y la Defensor\u00eda del Pueblo.<\/p>\n<p>M\u00e1s all\u00e1 de ello, y ante el despido de la trabajadora, se resolvi\u00f3 convocar a un Plenario de Secretarios Generales para delinear las acciones sindicales en el \u00e1mbito local y provincial.<\/p>\n<h6>PRENSA FESTRAM<\/h6>\n","protected":false},"excerpt":{"rendered":"<p>ANTE LA GRAVEDAD DE LA SITUACI\u00d3N, LA SUBSECRETAR\u00cdA DE DERECHOS HUMANOS DE LA PROVINCIA PIDI\u00d3 INFORMES AL INTENDENTE PLACENZOTTI.<\/p>\n","protected":false},"author":2,"featured_media":66934,"comment_status":"closed","ping_status":"closed","sticky":false,"template":"","format":"standard","meta":{"footnotes":""},"categories":[7],"tags":[10],"class_list":["post-66933","post","type-post","status-publish","format-standard","has-post-thumbnail","hentry","category-informe-sindical","tag-santa-fe"],"_links":{"self":[{"href":"http:\/\/argentinamunicipal.com.ar\/argentina\/wp-json\/wp\/v2\/posts\/66933","targetHints":{"allow":["GET"]}}],"collection":[{"href":"http:\/\/argentinamunicipal.com.ar\/argentina\/wp-json\/wp\/v2\/posts"}],"about":[{"href":"http:\/\/argentinamunicipal.com.ar\/argentina\/wp-json\/wp\/v2\/types\/post"}],"author":[{"embeddable":true,"href":"http:\/\/argentinamunicipal.com.ar\/argentina\/wp-json\/wp\/v2\/users\/2"}],"replies":[{"embeddable":true,"href":"http:\/\/argentinamunicipal.com.ar\/argentina\/wp-json\/wp\/v2\/comments?post=66933"}],"version-history":[{"count":0,"href":"http:\/\/argentinamunicipal.com.ar\/argentina\/wp-json\/wp\/v2\/posts\/66933\/revisions"}],"wp:featuredmedia":[{"embeddable":true,"href":"http:\/\/argentinamunicipal.com.ar\/argentina\/wp-json\/wp\/v2\/media\/66934"}],"wp:attachment":[{"href":"http:\/\/argentinamunicipal.com.ar\/argentina\/wp-json\/wp\/v2\/media?parent=66933"}],"wp:term":[{"taxonomy":"category","embeddable":true,"href":"http:\/\/argentinamunicipal.com.ar\/argentina\/wp-json\/wp\/v2\/categories?post=66933"},{"taxonomy":"post_tag","embeddable":true,"href":"http:\/\/argentinamunicipal.com.ar\/argentina\/wp-json\/wp\/v2\/tags?post=66933"}],"curies":[{"name":"wp","href":"https:\/\/api.w.org\/{rel}","templated":true}]}}