{"id":66936,"date":"2017-08-28T06:19:20","date_gmt":"2017-08-28T09:19:20","guid":{"rendered":"http:\/\/argentinamunicipal.com.ar\/argentina\/?p=66936"},"modified":"2017-08-28T08:21:42","modified_gmt":"2017-08-28T11:21:42","slug":"pobreza-la-baja-la-inflacion-genera-expectativas-no-soluciones","status":"publish","type":"post","link":"http:\/\/argentinamunicipal.com.ar\/argentina\/pobreza-la-baja-la-inflacion-genera-expectativas-no-soluciones\/","title":{"rendered":"Pobreza: La baja de la inflaci\u00f3n genera expectativas, pero no soluciones"},"content":{"rendered":"<p>La desaceleraci\u00f3n de la inflaci\u00f3n se refleja tambi\u00e9n en un menor crecimiento de la canasta b\u00e1sica con que se mide la pobreza. Esto, m\u00e1s la incipiente recuperaci\u00f3n de la producci\u00f3n, \u201ccontribuyen a reducir la pobreza, pero no alcanzan para eliminarla. Para lograr este objetivo es necesario sumar audacia, innovaci\u00f3n y coordinaci\u00f3n en el proceso de modernizaci\u00f3n de las instituciones educativas y laborales\u201d, afirma un informe de IDESA.<br \/>\nEl INDEC inform\u00f3 que en mayo y junio la producci\u00f3n creci\u00f3 entre el 3% y 4% interanual. Tambi\u00e9n que el valor de la canasta b\u00e1sica trep\u00f3 a $4.862 promedio en julio \u00faltimo, lo que representa para una familia tipo $15 mil mensuales luego del ajuste por adulto equivalente. Este valor es un 21% superior al del mismo mes del a\u00f1o pasado, reflejando una desaceleraci\u00f3n en el ritmo de su aumento. Una econom\u00eda que empieza a crecer y una inflaci\u00f3n que empieza a ceder son se\u00f1ales positivas para la reducci\u00f3n de la pobreza.<br \/>\n\u00bfAlcanza con profundizar estas tendencias para construir una sociedad plenamente integrada? Sin duda que el orden macroecon\u00f3mico es fundamental y todav\u00eda queda mucho por hacer para lograr estabilidad y crecimiento sostenido. Pero, en paralelo, sirve notar que seg\u00fan el INDEC, el 30% de los hogares m\u00e1s pobres viv\u00eda en el primer trimestre del 2017 con aproximadamente $3 mil por persona por mes, es decir, un monto muy por debajo de lo que necesita para salir de la marginalidad.<\/p>\n<p>Mediciones y comparaciones<\/p>\n<p>Una forma de evaluar las capacidades de generaci\u00f3n de ingresos de los hogares pobres es comparando con el otro extremo de la distribuci\u00f3n, es decir, con el 30% de mayores ingresos. As\u00ed, tomando a los jefes y c\u00f3nyuges de los hogares se observa que:<br \/>\n\u2022En hogares de bajos ingresos s\u00f3lo el 38% de los jefes y c\u00f3nyuges tiene educaci\u00f3n media o alta mientras que en los de mayores ingresos el 67% alcanza estos niveles.<br \/>\n\u2022Entre los hogares de menores ingresos s\u00f3lo el 55% de los jefes y c\u00f3nyuges trabaja, mientras que en los de mayores ingresos trabaja el 69%.<br \/>\n\u2022Entre los hogares de menores ingresos el 23% de los jefes y c\u00f3nyuges ocupados son asalariados privados formales o cuentapropistas profesionales, mientras que en los hogares de mayores ingresos el 45% accede a estos tipos de empleos.<br \/>\nEstos datos muestran que los hogares de mayores ingresos tienen una conformaci\u00f3n educativa y laboral marcadamente diferente a la de los pobres. En las familias de mayores ingresos, los responsables por la manutenci\u00f3n del hogar se caracterizan por tener m\u00e1s educaci\u00f3n, lo que les facilita la inserci\u00f3n laboral y el acceso a puestos de trabajo decentes. M\u00e1s all\u00e1 de las debilidades de las que todav\u00eda adolecen las estad\u00edsticas del INDEC en materia de relevamiento de ingresos, resulta muy sugerente que a partir de estas caracter\u00edsticas los hogares de mayores ingresos generen hasta 6 veces m\u00e1s ingresos per c\u00e1pita que los hogares pobres. En otras palabras, la pobreza est\u00e1 esencialmente asociada a las barreras que impiden el acceso al empleo de calidad.<\/p>\n<p>Crecer vs incluir<\/p>\n<p>El crecimiento econ\u00f3mico y la estabilidad de los precios son condiciones necesarias, pero no suficientes para superar la pobreza. Para acelerar la construcci\u00f3n de una sociedad m\u00e1s integrada se necesita adem\u00e1s pol\u00edticas acompa\u00f1antes. Un punto de partida clave es descartar las recetas tradicionales como imponer aumentos de salarios de convenio por encima de los aumentos de la productividad o complejizar y judicializar la legislaci\u00f3n laboral o mantener altas las cargas sociales. Estas medidas, que se aplicaron con intensidad en el \u00faltimo ciclo de crecimiento (2003 \u2013 2011), en el mejor de los casos favorecen a los hogares de ingresos m\u00e1s altos, que ya tienen buenos empleos, pero no promueven la entrada a los empleos decentes a las familias m\u00e1s postergadas.<br \/>\nAl crecimiento y baja inflaci\u00f3n hay que sumarle innovaci\u00f3n en las pol\u00edticas sociales. En educaci\u00f3n, es clave que las provincias y los municipios pongan \u00e9nfasis en los centros de cuidado de la primera infancia y mejoren sustantivamente la cobertura y la calidad de la educaci\u00f3n b\u00e1sica. Esto comenzar\u00e1 a revertir los d\u00e9ficits educativos. En paralelo, hay que promover la generaci\u00f3n de empleos, especialmente los orientados a j\u00f3venes y mujeres con menos formaci\u00f3n, a trav\u00e9s de la modernizaci\u00f3n de las instituciones laborales. Aqu\u00ed se deber\u00eda contemplar m\u00ednimos no imponibles a las cargas sociales, un estatuto laboral especial para peque\u00f1as empresas y simplificar, en general, la legislaci\u00f3n laboral.<br \/>\nUna macroeconom\u00eda sana no exime de ser audaz en el dise\u00f1o e implementaci\u00f3n de las pol\u00edticas sociales. Es fundamental no repetir el error de maximizar los beneficios del crecimiento entre los trabajadores formales sino en lograr el acceso de los hogares m\u00e1s humildes al empleo formal. El desaf\u00edo es grande porque hay que ensamblar pol\u00edticas de corto plazo (modernizar las instituciones laborales) con pol\u00edticas de largo alcance (modernizar las instituciones educativas), afirman desde el Instituto para el Desarrollo Social Argentino.<\/p>\n<h6>Fuente: El Diario de Madryn<\/h6>\n","protected":false},"excerpt":{"rendered":"<p>La desaceleraci\u00f3n de la inflaci\u00f3n se refleja tambi\u00e9n en un menor crecimiento de la canasta b\u00e1sica con que se mide la pobreza. Esto, m\u00e1s la incipiente recuperaci\u00f3n de la producci\u00f3n, \u201ccontribuyen a reducir la pobreza, pero no alcanzan para eliminarla. <\/p>\n","protected":false},"author":2,"featured_media":66937,"comment_status":"closed","ping_status":"closed","sticky":false,"template":"","format":"standard","meta":{"footnotes":""},"categories":[8],"tags":[21],"class_list":["post-66936","post","type-post","status-publish","format-standard","has-post-thumbnail","hentry","category-informe-nacional","tag-argentina"],"_links":{"self":[{"href":"http:\/\/argentinamunicipal.com.ar\/argentina\/wp-json\/wp\/v2\/posts\/66936","targetHints":{"allow":["GET"]}}],"collection":[{"href":"http:\/\/argentinamunicipal.com.ar\/argentina\/wp-json\/wp\/v2\/posts"}],"about":[{"href":"http:\/\/argentinamunicipal.com.ar\/argentina\/wp-json\/wp\/v2\/types\/post"}],"author":[{"embeddable":true,"href":"http:\/\/argentinamunicipal.com.ar\/argentina\/wp-json\/wp\/v2\/users\/2"}],"replies":[{"embeddable":true,"href":"http:\/\/argentinamunicipal.com.ar\/argentina\/wp-json\/wp\/v2\/comments?post=66936"}],"version-history":[{"count":0,"href":"http:\/\/argentinamunicipal.com.ar\/argentina\/wp-json\/wp\/v2\/posts\/66936\/revisions"}],"wp:featuredmedia":[{"embeddable":true,"href":"http:\/\/argentinamunicipal.com.ar\/argentina\/wp-json\/wp\/v2\/media\/66937"}],"wp:attachment":[{"href":"http:\/\/argentinamunicipal.com.ar\/argentina\/wp-json\/wp\/v2\/media?parent=66936"}],"wp:term":[{"taxonomy":"category","embeddable":true,"href":"http:\/\/argentinamunicipal.com.ar\/argentina\/wp-json\/wp\/v2\/categories?post=66936"},{"taxonomy":"post_tag","embeddable":true,"href":"http:\/\/argentinamunicipal.com.ar\/argentina\/wp-json\/wp\/v2\/tags?post=66936"}],"curies":[{"name":"wp","href":"https:\/\/api.w.org\/{rel}","templated":true}]}}