{"id":66942,"date":"2017-08-28T08:26:16","date_gmt":"2017-08-28T11:26:16","guid":{"rendered":"http:\/\/argentinamunicipal.com.ar\/argentina\/?p=66942"},"modified":"2017-08-28T08:26:16","modified_gmt":"2017-08-28T11:26:16","slug":"malvinas-alcaldes-latinoamericanos-apoyaron-reclamo-soberania","status":"publish","type":"post","link":"http:\/\/argentinamunicipal.com.ar\/argentina\/malvinas-alcaldes-latinoamericanos-apoyaron-reclamo-soberania\/","title":{"rendered":"Malvinas: Alcaldes latinoamericanos apoyaron el reclamo de soberan\u00eda"},"content":{"rendered":"<p>M\u00e1s de 3 mil representantes de ciudades suscribieron un documento impulsado por el intendente Vuoto. \u201cMalvinas es una pol\u00edtica de Estado que los argentinos debemos consolidar en todos los \u00e1mbitos\u201d, sostuvo ante sus pares.<\/p>\n<p>El intendente de Ushuaia, Walter Vuoto, que particip\u00f3 de la Cumbre Hemisf\u00e9rica de Alcaldes en la ciudad de Pachuca, M\u00e9xico, expuso ante sus pares latinoamericanos la defensa de la soberan\u00eda sobre las islas Malvinas y reclam\u00f3 en ese foro internacional la desmilitarizaci\u00f3n del Atl\u00e1ntico Sur por parte del Reino Unido. Junto a Ver\u00f3nica Magario, intendenta de La Matanza y presidenta de la Federaci\u00f3n Argentina de Municipios, Vuoto form\u00f3 parte del encuentro organizado por la Federaci\u00f3n Latinoamericana de Ciudades, Municipios y Asociaciones de Gobiernos Locales (FLACMA).<br \/>\nLos temas que se abordaron fueron la descentralizaci\u00f3n, igualdad de g\u00e9nero, desarrollo de ciudades, mejor distribuci\u00f3n de los recursos y la declaraci\u00f3n de los derechos de soberan\u00eda en la Islas Malvinas, entre otros.<br \/>\nVuoto habl\u00f3 ante los jefes de ciudades de toda Latinoam\u00e9rica sobre la causa Malvinas, la trascendencia para la ciudad, la provincia, el pa\u00eds y la regi\u00f3n.<br \/>\n\u201cReclamamos en los \u00e1mbitos internacionales que termine la militarizaci\u00f3n del Atl\u00e1ntico Sur, que es una amenaza a la paz en nuestra regi\u00f3n. Y a trav\u00e9s de la FAM solicitamos el acompa\u00f1amiento en un documento, con el acompa\u00f1amiento de todos los municipios latinoamericanos\u201d, dijo ante los alcaldes.<br \/>\nEl nuevo presidente de FLACMA y alcalde de Sucre (Bolivia), Iv\u00e1n Arci\u00e9nega Collazos, destac\u00f3 el documento un\u00e1nime en el que la Cumbre reconoci\u00f3 los derechos argentinos sobre la soberan\u00eda de las islas Malvinas y archipi\u00e9lagos del Atl\u00e1ntico Sur: \u201cSe terminaron las colonias, una Latinoam\u00e9rica unida reclama y defiende los derechos leg\u00edtimos de los pueblos como el de Argentina sobre territorios usurpados, que le pertenecen\u201d.<br \/>\nVuoto, al exponer ante los alcaldes, sostuvo que \u201carbitrariamente el Reino Unido incumple m\u00e1s de 40 resoluciones de Naciones Unidas que solicitan la apertura del di\u00e1logo entre las partes en conflicto. Malvinas es una pol\u00edtica de Estado que los argentinos debemos consolidar en todos los \u00e1mbitos con el compromiso de expresarlo en pol\u00edticas p\u00fablicas concretas\u201d.<br \/>\nEn este sentido, se\u00f1al\u00f3 antes sus pares que \u201cvengo en representaci\u00f3n de Ushuaia, la ciudad m\u00e1s austral del mundo, la capital de la provincia que alberga dentro de sus l\u00edmites a la Ant\u00e1rtida, a Malvinas, a las islas del Atl\u00e1ntico Sur\u201d.<br \/>\nEl intendente manifest\u00f3 que Latinoam\u00e9rica \u201ces una regi\u00f3n de paz que sufre permanentemente una amenaza por la militarizaci\u00f3n que el Reino Unido lleva adelante en Malvinas. Y es un deber como intendente de la capital de Malvinas exponer en todos los foros internacionales nuestro reclamo de soberan\u00eda y di\u00e1logo\u201d.<br \/>\n\u201cMalvinas es una causa nacional y cada vez que sostenemos en todo el mundo la defensa de la soberan\u00eda honramos a nuestros h\u00e9roes\u201d, remarc\u00f3.<br \/>\nFinalmente, Vuoto dijo que \u201ccon mucho respeto y humildad vengo a pedirles el apoyo internacional para detener el esquema de colonialismo que se sigue manteniendo en nuestras islas. La defensa de la soberan\u00eda sobre Malvinas es una causa tambi\u00e9n mundial y nuestra obligaci\u00f3n es seguir haci\u00e9ndolo saber en todo el mundo porque en el apoyo internacional est\u00e1 nuestra fortaleza\u201d.<br \/>\nCon el acompa\u00f1amiento de 3200 alcaldes y representantes de ciudades latinoamericanas se suscribi\u00f3 el documento que ratifica los derechos soberanos de Argentina sobre las Islas y la desmilitarizaci\u00f3n del Atl\u00e1ntico Sur.<br \/>\nLa Cumbre se realiza en forma anual y est\u00e1 a cargo de la Federaci\u00f3n Latinoamericana de Ciudades, Municipios y Asociaciones de Gobiernos Locales (FLACMA). En esta oportunidad, M\u00e9xico fue elegido para reunir a los alcaldes e intendentes de todo el hemisferio para debatir en forma conjunta los principales temas que preocupan al municipalismo.<br \/>\nEn el cierre del encuentro internacional la presidenta de la Federaci\u00f3n Argentina de Municipios e intendenta de La Matanza, Ver\u00f3nica Magario, recibi\u00f3 el Premio al Buen Gobierno Municipal por su gesti\u00f3n al frente del Municipio m\u00e1s poblado del conurbano bonaerense, por su compromiso con la inversi\u00f3n p\u00fablica en general y con la Educaci\u00f3n en particular. Acompa\u00f1aron a la presidenta de FAM, adem\u00e1s del intendente de Ushuaia Walter Vuoto, los jefes comunales Mart\u00edn Piaggio (Gualeguaych\u00fa, Entre R\u00edos), Javier Noguera (Taf\u00ed Viejo, Tucum\u00e1n) y Gast\u00f3n Tomatis (Las Acequias-C\u00f3rdoba). Tambi\u00e9n viajaron por San Antonio de Areco, Nicol\u00e1s Marigavich, presidente del Concejo Deliberante; Juan Matteo, secretario Ejecutivo de FAM; y Mar\u00eda de los \u00c1ngeles Higonet, secretaria de Presidencia de la FAM.<\/p>\n<h6>Fuente: El Diario del Fin del Mundo<\/h6>\n","protected":false},"excerpt":{"rendered":"<p>M\u00e1s de 3 mil representantes de ciudades suscribieron un documento impulsado por el intendente Vuoto. \u201cMalvinas es una pol\u00edtica de Estado que los argentinos debemos consolidar en todos los \u00e1mbitos\u201d, sostuvo ante sus pares.<\/p>\n","protected":false},"author":2,"featured_media":66943,"comment_status":"closed","ping_status":"closed","sticky":false,"template":"","format":"standard","meta":{"footnotes":""},"categories":[2],"tags":[34],"class_list":["post-66942","post","type-post","status-publish","format-standard","has-post-thumbnail","hentry","category-informe-municipal","tag-tierra-del-fuego"],"_links":{"self":[{"href":"http:\/\/argentinamunicipal.com.ar\/argentina\/wp-json\/wp\/v2\/posts\/66942","targetHints":{"allow":["GET"]}}],"collection":[{"href":"http:\/\/argentinamunicipal.com.ar\/argentina\/wp-json\/wp\/v2\/posts"}],"about":[{"href":"http:\/\/argentinamunicipal.com.ar\/argentina\/wp-json\/wp\/v2\/types\/post"}],"author":[{"embeddable":true,"href":"http:\/\/argentinamunicipal.com.ar\/argentina\/wp-json\/wp\/v2\/users\/2"}],"replies":[{"embeddable":true,"href":"http:\/\/argentinamunicipal.com.ar\/argentina\/wp-json\/wp\/v2\/comments?post=66942"}],"version-history":[{"count":0,"href":"http:\/\/argentinamunicipal.com.ar\/argentina\/wp-json\/wp\/v2\/posts\/66942\/revisions"}],"wp:featuredmedia":[{"embeddable":true,"href":"http:\/\/argentinamunicipal.com.ar\/argentina\/wp-json\/wp\/v2\/media\/66943"}],"wp:attachment":[{"href":"http:\/\/argentinamunicipal.com.ar\/argentina\/wp-json\/wp\/v2\/media?parent=66942"}],"wp:term":[{"taxonomy":"category","embeddable":true,"href":"http:\/\/argentinamunicipal.com.ar\/argentina\/wp-json\/wp\/v2\/categories?post=66942"},{"taxonomy":"post_tag","embeddable":true,"href":"http:\/\/argentinamunicipal.com.ar\/argentina\/wp-json\/wp\/v2\/tags?post=66942"}],"curies":[{"name":"wp","href":"https:\/\/api.w.org\/{rel}","templated":true}]}}