{"id":66948,"date":"2017-08-28T08:33:17","date_gmt":"2017-08-28T11:33:17","guid":{"rendered":"http:\/\/argentinamunicipal.com.ar\/argentina\/?p=66948"},"modified":"2017-08-28T08:33:17","modified_gmt":"2017-08-28T11:33:17","slug":"festival-internacional-cine-las-alturas-jujuy-del-2-al-9-septiembre","status":"publish","type":"post","link":"http:\/\/argentinamunicipal.com.ar\/argentina\/festival-internacional-cine-las-alturas-jujuy-del-2-al-9-septiembre\/","title":{"rendered":"Festival Internacional de Cine de las Alturas, en Jujuy, del 2 al 9 de septiembre"},"content":{"rendered":"<p>En Jujuy, del 2 al 9 de septiembre, en el marco del Festival Internacional de Cine de las Alturas, aparte de la competencia oficial de la que participar\u00e1n films de ficci\u00f3n, documentales y cortos del NOA se dictar\u00e1n talleres, clases magistrales y charlas impartidas por reconocidos profesionales del mundo del cine.<\/p>\n<p>Asimismo se realizar\u00e1 el Foro para un mercado de Cine Andino, un encuentro de directores latinoamericanos, el encuentro de Cine m\u00f3viles del NOA, el encuentro Film Comission Argentina y una charla de Argentores sobre Guion y Derechos de Autor, dictada por Martin Salinas.<\/p>\n<p>El certamen tiene importantes premios en competencia para fomentar la producci\u00f3n cinematogr\u00e1fica regional y brinda un reconocimiento especial para las realizaciones del noroeste argentino. La Provincia entregar\u00e1 $100.000 para los ganadores de la competencia en largometrajes y $40.000 para quienes sean galardonados en la secci\u00f3n de cortometrajes. Por su parte Cinecolor, HD Argentina, Argentores, Sagai y EDA aportar\u00e1n destacados reconocimientos a los ganadores entre los que se destacan: tres jornadas de arte para efectos visuales: con editor, colorista y directora de arte, un servicio de equipamiento HD\/ 4K por el t\u00e9rmino de diez jornadas de rodaje, $20.000 para el\/los autores al mejor gui\u00f3n cinematogr\u00e1fico, el premio Patac\u00f3n de Cine a la mejor actuaci\u00f3n femenina y masculina, y $15.000 a cada uno de ellos, entre otros.<\/p>\n<p>Dentro de las actividades paralelas que se mencionaron anteriormente se brindar\u00e1n siete clases magistrales y 3 talleres de formaci\u00f3n.<\/p>\n<p>Entre las clases magistrales se contar\u00e1 con clases sobre Dise\u00f1o de Producci\u00f3n a cargo de Marcelo Pont, de Producci\u00f3n cinematogr\u00e1fica dictada por Diana Frey, la EDA -Asociaci\u00f3n Argentina de Editores Audiovisuales- brindar\u00e1 una clase sobre \u201cel Rol del Editor\u201d; Maria Eugenia D\u2019Alessio estar\u00e1 a cargo de una clase magistral sobre \u201clocaciones en cine\u201d, Cinecolor Argentina sobre \u201cPost Producci\u00f3n\u201d y la ENERC -Escuela Nacional de Experimentaci\u00f3n y Realizaci\u00f3n Cinematogr\u00e1fica- sobre \u201cDirecci\u00f3n de Fotograf\u00eda\u201d y \u201cDirecci\u00f3n de Arte\u201d.<\/p>\n<p>Por su parte, los talleres de formaci\u00f3n ser\u00e1n con cupo limitado y contar\u00e1n con certificado de asistencia. \u201cDirecci\u00f3n de Actores\u201d dictado por Mar\u00eda Gowland, \u201cDirecci\u00f3n de Sonido\u201d a cargo de Carlos Abbate y \u201cEfectos especiales de maquillaje\u201d de la mano de Oscar Mulet ser\u00e1n los 3 talleres que se llevar\u00e1n a cabo durante la semana del Festival.<\/p>\n<p>Cada una de estas actividades est\u00e1 planteada para brindar mayores herramientas a quienes participen del Festival y tengan inter\u00e9s en perfeccionarse durante la semana. El objetivo primario es acercar a los inscritos a distintas facetas de la creaci\u00f3n cinematogr\u00e1fica de la mano de profesionales de primera l\u00ednea.<\/p>\n<p>Las actividades ser\u00e1n anunciadas oportunamente en las cuentas oficiales del Festival, y una vez difundidas, se abrir\u00e1n las inscripciones v\u00eda web: http:\/\/www.cinedelasalturas.com.ar.<\/p>\n<p>Todas las actividades dispuestas en el marco del Festival son gratuitas y adem\u00e1s para los estudiantes de cine se brinda alojamiento sin costo con media pensi\u00f3n incluida (desayuno) en el RIM 20 -con cupo limitado-; el 50% de descuento en pasajes de la empresa Balut para estudiantes de las carreras de Cine del NOA y C\u00f3rdoba y descuentos en bares y boliches con la acreditaci\u00f3n del festival.<\/p>\n<p>Desde el ENTE del Festival Internacional de Cine de las Alturas se est\u00e1 realizando un arduo trabajando de producci\u00f3n, programaci\u00f3n y coordinaci\u00f3n para ser anfitriones de un evento que pr\u00e1cticamente no tiene precedentes.<\/p>\n<p>A su vez, afianza su compromiso de apoyar las producciones independientes generando un mercado de promoci\u00f3n y exhibici\u00f3n de cine andino junto a actividades de formaci\u00f3n que brinden herramientas de apoyo para todos los involucrados en el mundo audiovisual.<\/p>\n<p>Acerca del Festival Internacional de Cine de las Alturas<\/p>\n<p>Organizado por el Gobierno de Jujuy y la Municipalidad de la capital provincial, a trav\u00e9s de un ENTE creado para tal fin, el certamen tiene el objeto de integrar las cinematograf\u00edas de los pa\u00edses andinos.<\/p>\n<p>Con el auspicio del Instituto Nacional de Cine y Artes Audiovisuales (INCAA); el Buenos Aires Festival Internacional de Cine Independiente (BAFICI) y la Academia de las Artes y Ciencias Cinematogr\u00e1ficas de la Argentina, el encuentro busca adem\u00e1s que se promuevan intercambios culturales inherentes al cine en cada uno de los pa\u00edses participantes.<\/p>\n<p>La ubicaci\u00f3n geogr\u00e1fica estrat\u00e9gica con respecto a la espina vertebral del continente que es la zona andina tanto geopol\u00edticamente como por su herencia cultural, convierte a Jujuy en la provincia mejor ubicada para la convergencia tanto de pa\u00edses lim\u00edtrofes como del sector noroeste del pa\u00eds.<\/p>\n<p>La Edici\u00f3n 2017 cuenta con la direcci\u00f3n art\u00edstica de Daniel Desaloms y Marcelo Pont, mientras que la producci\u00f3n ejecutiva est\u00e1 en manos de Diana Frey, todos con amplia experiencia en el mundo cinematogr\u00e1fico. La producci\u00f3n general y la coordinaci\u00f3n general del Festival est\u00e1n a cargo de Jimena Mu\u00f1oz y Facundo Morales respectivamente<\/p>\n<h6>Fuente: La Hora de Salta<\/h6>\n","protected":false},"excerpt":{"rendered":"<p>En Jujuy, del 2 al 9 de septiembre, en el marco del Festival Internacional de Cine de las Alturas, aparte de la competencia oficial de la que participar\u00e1n films de ficci\u00f3n, documentales y cortos del NOA se dictar\u00e1n talleres, clases magistrales y charlas impartidas por reconocidos profesionales del mundo del cine.<\/p>\n","protected":false},"author":2,"featured_media":66949,"comment_status":"closed","ping_status":"closed","sticky":false,"template":"","format":"standard","meta":{"footnotes":""},"categories":[47],"tags":[25],"class_list":["post-66948","post","type-post","status-publish","format-standard","has-post-thumbnail","hentry","category-fiestas","tag-jujuy"],"_links":{"self":[{"href":"http:\/\/argentinamunicipal.com.ar\/argentina\/wp-json\/wp\/v2\/posts\/66948","targetHints":{"allow":["GET"]}}],"collection":[{"href":"http:\/\/argentinamunicipal.com.ar\/argentina\/wp-json\/wp\/v2\/posts"}],"about":[{"href":"http:\/\/argentinamunicipal.com.ar\/argentina\/wp-json\/wp\/v2\/types\/post"}],"author":[{"embeddable":true,"href":"http:\/\/argentinamunicipal.com.ar\/argentina\/wp-json\/wp\/v2\/users\/2"}],"replies":[{"embeddable":true,"href":"http:\/\/argentinamunicipal.com.ar\/argentina\/wp-json\/wp\/v2\/comments?post=66948"}],"version-history":[{"count":0,"href":"http:\/\/argentinamunicipal.com.ar\/argentina\/wp-json\/wp\/v2\/posts\/66948\/revisions"}],"wp:featuredmedia":[{"embeddable":true,"href":"http:\/\/argentinamunicipal.com.ar\/argentina\/wp-json\/wp\/v2\/media\/66949"}],"wp:attachment":[{"href":"http:\/\/argentinamunicipal.com.ar\/argentina\/wp-json\/wp\/v2\/media?parent=66948"}],"wp:term":[{"taxonomy":"category","embeddable":true,"href":"http:\/\/argentinamunicipal.com.ar\/argentina\/wp-json\/wp\/v2\/categories?post=66948"},{"taxonomy":"post_tag","embeddable":true,"href":"http:\/\/argentinamunicipal.com.ar\/argentina\/wp-json\/wp\/v2\/tags?post=66948"}],"curies":[{"name":"wp","href":"https:\/\/api.w.org\/{rel}","templated":true}]}}