{"id":66951,"date":"2017-08-28T06:33:30","date_gmt":"2017-08-28T09:33:30","guid":{"rendered":"http:\/\/argentinamunicipal.com.ar\/argentina\/?p=66951"},"modified":"2017-08-28T08:35:39","modified_gmt":"2017-08-28T11:35:39","slug":"cuba-recibio-200-ex-guerrilleros-las-farc-estudiaran-medicina","status":"publish","type":"post","link":"http:\/\/argentinamunicipal.com.ar\/argentina\/cuba-recibio-200-ex-guerrilleros-las-farc-estudiaran-medicina\/","title":{"rendered":"Cuba recibi\u00f3 a 200 ex guerrilleros de las FARC que estudiar\u00e1n medicina"},"content":{"rendered":"<p>Los j\u00f3venes cursar\u00e1n estudios en la Escuela Latinoamericana de Medicina \u00abcomo muestra del compromiso cubano con la consecuci\u00f3n de la paz en Colombia\u00bb.<\/p>\n<p>Las autoridades cubanas recibieron en La Habana a los primeros 200 ex miembros de la guerrilla colombiana de las FARC becados para estudiar medicina en Cuba, informaron fuentes oficiales.<\/p>\n<p>El matutino \u00abJuventud Rebelde\u00bb inform\u00f3 hoy que los j\u00f3venes, llegados en las \u00faltimas horas del s\u00e1bado, cursar\u00e1n estudios en la Escuela Latinoamericana de Medicina (ELAM), seg\u00fan una oferta de Cuba \u00abcomo muestra de su compromiso con la consecuci\u00f3n de la paz en Colombia\u00bb.<\/p>\n<p>J\u00f3venes de diversos sectores, dedicados hasta hoy a distintas labores y salidos de dis\u00edmiles lugares del pa\u00eds, conforman el contingente que esta ma\u00f1ana recorri\u00f3 las instalaciones de la ELAM, en las afueras de La Habana, donde iniciar\u00e1n estudios en septiembre pr\u00f3ximo.<\/p>\n<p>El doctor Antonio L\u00f3pez Guti\u00e9rrez, rector de la ELAM, les dio la bienvenida, junto con la viceministra de Salud, Marcia Cobas y otras autoridades de la isla.<\/p>\n<p>\u00abVenimos de muchas ciudades y estamos aqu\u00ed todos revueltos\u00bb, dijeron al diario dos j\u00f3venes identificadas como Laura y Tania, de Arauca y el Huila, una enfermera y la otra que cursaba el bachillerato.<\/p>\n<p>Le\u00f3nidas Buitrago, un veterano ex guerrillero, explic\u00f3 que el proceso fue sencillo: \u00abLleg\u00f3 la informaci\u00f3n (de las becas) a las zonas veredales, entregamos la documentaci\u00f3n requerida y demostramos que cumpl\u00edamos los requisitos\u00bb.<\/p>\n<p>De acuerdo con uno de los recien llegados, antes de viajar a La Habana firmaron un \u00abc\u00f3digo de \u00e9tica\u00bb en la sede de la embajada cubana en Bogot\u00e1.<\/p>\n<p>Cuba y Noruega participaron como pa\u00edses garantes, y Chile y Venezuela como acompa\u00f1antes, en el di\u00e1logo de paz de m\u00e1s de cuatro a\u00f1os que se sell\u00f3 con un acuerdo en noviembre de 2016 entre las FARC y el Gobierno del presidente Juan Manuel Santos.<\/p>\n<p>El proceso, con altibajos, busc\u00f3 poner fin a un sangriento conflicto armado de m\u00e1s de 50 a\u00f1os que dej\u00f3 un saldo de entre cuatro y cinco millones de desplazados, 220.000 muertos y 25.000 desaparecidos.<\/p>\n<h6>Fuetne: MDZ Online<\/h6>\n","protected":false},"excerpt":{"rendered":"<p>Los j\u00f3venes cursar\u00e1n estudios en la Escuela Latinoamericana de Medicina \u00abcomo muestra del compromiso cubano con la consecuci\u00f3n de la paz en Colombia\u00bb.<\/p>\n","protected":false},"author":2,"featured_media":66952,"comment_status":"closed","ping_status":"closed","sticky":false,"template":"","format":"standard","meta":{"footnotes":""},"categories":[22],"tags":[57],"class_list":["post-66951","post","type-post","status-publish","format-standard","has-post-thumbnail","hentry","category-el-mundo","tag-el-mundo"],"_links":{"self":[{"href":"http:\/\/argentinamunicipal.com.ar\/argentina\/wp-json\/wp\/v2\/posts\/66951","targetHints":{"allow":["GET"]}}],"collection":[{"href":"http:\/\/argentinamunicipal.com.ar\/argentina\/wp-json\/wp\/v2\/posts"}],"about":[{"href":"http:\/\/argentinamunicipal.com.ar\/argentina\/wp-json\/wp\/v2\/types\/post"}],"author":[{"embeddable":true,"href":"http:\/\/argentinamunicipal.com.ar\/argentina\/wp-json\/wp\/v2\/users\/2"}],"replies":[{"embeddable":true,"href":"http:\/\/argentinamunicipal.com.ar\/argentina\/wp-json\/wp\/v2\/comments?post=66951"}],"version-history":[{"count":0,"href":"http:\/\/argentinamunicipal.com.ar\/argentina\/wp-json\/wp\/v2\/posts\/66951\/revisions"}],"wp:featuredmedia":[{"embeddable":true,"href":"http:\/\/argentinamunicipal.com.ar\/argentina\/wp-json\/wp\/v2\/media\/66952"}],"wp:attachment":[{"href":"http:\/\/argentinamunicipal.com.ar\/argentina\/wp-json\/wp\/v2\/media?parent=66951"}],"wp:term":[{"taxonomy":"category","embeddable":true,"href":"http:\/\/argentinamunicipal.com.ar\/argentina\/wp-json\/wp\/v2\/categories?post=66951"},{"taxonomy":"post_tag","embeddable":true,"href":"http:\/\/argentinamunicipal.com.ar\/argentina\/wp-json\/wp\/v2\/tags?post=66951"}],"curies":[{"name":"wp","href":"https:\/\/api.w.org\/{rel}","templated":true}]}}