{"id":66963,"date":"2017-08-29T07:50:27","date_gmt":"2017-08-29T10:50:27","guid":{"rendered":"http:\/\/argentinamunicipal.com.ar\/argentina\/?p=66963"},"modified":"2017-08-29T07:50:27","modified_gmt":"2017-08-29T10:50:27","slug":"portazo-concejal-avellaneda-me-da-escozor-haber-pertenecido-al-pro","status":"publish","type":"post","link":"http:\/\/argentinamunicipal.com.ar\/argentina\/portazo-concejal-avellaneda-me-da-escozor-haber-pertenecido-al-pro\/","title":{"rendered":"Portazo de un concejal de Avellaneda: \u201cMe da escozor haber pertenecido al Pro\u201d"},"content":{"rendered":"<p>Se trata de Daniel Garc\u00eda, quien abandon\u00f3 el macrismo. \u00abSi hablamos de la comunicaci\u00f3n, ten\u00edamos un 678 que se criticaba en el kirchnerismo, pero hoy tenemos seis 678\u201d.<\/p>\n<p>El concejal Daniel Garc\u00eda decidi\u00f3 renunciar al bloque Pro en Avellaneda. En una entrevista realizada por el sitio REALPOLITIK, expres\u00f3 que \u00ablas pol\u00edticas nacionales hacen que las pymes cierren; porque cuando se dieron los tarifazos no se hab\u00eda hecho un estudio de impacto social a ver ad\u00f3nde reca\u00edan, hoy las tarifas son impagables para algunos; la importaci\u00f3n hace que el sector textil tenga un problema muy grande; por la cantidad de efectivos policiales que dejaron en la calle. Hoy estoy en total desacuerdo con las pol\u00edticas que se est\u00e1n llevando a cabo\u00bb.<\/p>\n<p>Agreg\u00f3 que \u00absi hablamos de la comunicaci\u00f3n, ten\u00edamos un 678 que se criticaba en el kirchnerismo, pero hoy tenemos seis 678\u201d. \u00abHe sufrido la proscripci\u00f3n en los medios nacionales porque denunci\u00e9 o estuve denunciando casos de corrupci\u00f3n. A veces hasta me da escozor haber pertenecido al Pro, un partido en el que las promesas de campa\u00f1a no fueron estas\u00bb, expres\u00f3.<\/p>\n<p>\u00abNuestro grupo se ha caracterizado por ser de militancia, de trabajo territorial y de no tener ning\u00fan tipo de problemas de salir a la calle y estar permanentemente trabajando all\u00ed. No pod\u00edamos permitir que grupos que no ten\u00edan ning\u00fan tipo de experiencia se rigieran por estad\u00edsticas y marketing. Tampoco estuve de acuerdo con que ac\u00e1 en Avellaneda me pidieran el 10 por ciento de los sueldos de los cargos provinciales que se pod\u00edan poner en la provincia de Buenos Aires\u00bb, denunci\u00f3 Garc\u00eda.<\/p>\n<h6>Fuente: InfoNews<\/h6>\n","protected":false},"excerpt":{"rendered":"<p>Se trata de Daniel Garc\u00eda, quien abandon\u00f3 el macrismo. \u00abSi hablamos de la comunicaci\u00f3n, ten\u00edamos un 678 que se criticaba en el kirchnerismo, pero hoy tenemos seis 678\u201d.<\/p>\n","protected":false},"author":2,"featured_media":66964,"comment_status":"closed","ping_status":"closed","sticky":false,"template":"","format":"standard","meta":{"footnotes":""},"categories":[4],"tags":[12],"class_list":["post-66963","post","type-post","status-publish","format-standard","has-post-thumbnail","hentry","category-informe-politico","tag-buenos-aires"],"_links":{"self":[{"href":"http:\/\/argentinamunicipal.com.ar\/argentina\/wp-json\/wp\/v2\/posts\/66963","targetHints":{"allow":["GET"]}}],"collection":[{"href":"http:\/\/argentinamunicipal.com.ar\/argentina\/wp-json\/wp\/v2\/posts"}],"about":[{"href":"http:\/\/argentinamunicipal.com.ar\/argentina\/wp-json\/wp\/v2\/types\/post"}],"author":[{"embeddable":true,"href":"http:\/\/argentinamunicipal.com.ar\/argentina\/wp-json\/wp\/v2\/users\/2"}],"replies":[{"embeddable":true,"href":"http:\/\/argentinamunicipal.com.ar\/argentina\/wp-json\/wp\/v2\/comments?post=66963"}],"version-history":[{"count":0,"href":"http:\/\/argentinamunicipal.com.ar\/argentina\/wp-json\/wp\/v2\/posts\/66963\/revisions"}],"wp:featuredmedia":[{"embeddable":true,"href":"http:\/\/argentinamunicipal.com.ar\/argentina\/wp-json\/wp\/v2\/media\/66964"}],"wp:attachment":[{"href":"http:\/\/argentinamunicipal.com.ar\/argentina\/wp-json\/wp\/v2\/media?parent=66963"}],"wp:term":[{"taxonomy":"category","embeddable":true,"href":"http:\/\/argentinamunicipal.com.ar\/argentina\/wp-json\/wp\/v2\/categories?post=66963"},{"taxonomy":"post_tag","embeddable":true,"href":"http:\/\/argentinamunicipal.com.ar\/argentina\/wp-json\/wp\/v2\/tags?post=66963"}],"curies":[{"name":"wp","href":"https:\/\/api.w.org\/{rel}","templated":true}]}}