{"id":66970,"date":"2017-08-29T08:07:13","date_gmt":"2017-08-29T11:07:13","guid":{"rendered":"http:\/\/argentinamunicipal.com.ar\/argentina\/?p=66970"},"modified":"2017-08-29T08:07:13","modified_gmt":"2017-08-29T11:07:13","slug":"cooperativistas-mar-del-plata-vuelven-reclamar-la-construccion-56-viviendas","status":"publish","type":"post","link":"http:\/\/argentinamunicipal.com.ar\/argentina\/cooperativistas-mar-del-plata-vuelven-reclamar-la-construccion-56-viviendas\/","title":{"rendered":"Cooperativistas de Mar del Plata vuelven a reclamar por la construcci\u00f3n de 56 viviendas"},"content":{"rendered":"<p>Referentes de la Confederaci\u00f3n de Trabajadores de la Econom\u00eda Popular (CTEP), la Corriente Clasista y Combativa y Barrios de Pie aseguran que el dinero y los materiales ya est\u00e1n pero la Municipalidad no cumple con su parte.<\/p>\n<p>La\u00a0Confederaci\u00f3n de Trabajadores de la Econom\u00eda Popular\u00a0(CTEP), la\u00a0Corriente Clasista y Combativa\u00a0y\u00a0Barrios de Pie\u00a0volvieron a convocarse frente a la municipalidad en reclamo por la\u00a0construcci\u00f3n de 56 viviendas en el barrio Santa Rosa del Mar. Sostienen que el Municipio no cumpli\u00f3 con lo que hab\u00edan acordado y por eso las cooperativas no pueden trabajar. \u201cLas cooperativas cumplimos, Naci\u00f3n cumpli\u00f3, ahora falta el Municipio\u201d, sostuvieron.<\/p>\n<p>Este lunes, cerca de las 10 de la ma\u00f1ana, cooperativistas de la ciudad aguardaban en la plaza San Mart\u00edn la conclusi\u00f3n de la reuni\u00f3n que los referentes de la CTEP y Barrios de Pie,\u00a0Mart\u00edn Garc\u00eda\u00a0y\u00a0Rodrigo Hern\u00e1ndez,\u00a0acordaron mantener\u00a0con funcionarios de la comuna. Ante la falta de respuestas concretas, y a un mes de la protesta que deriv\u00f3 en un acampe de dos\u00a0d\u00edas, los manifestantes cortaron el tr\u00e1nsito vehicular en la zona y se dispusieron a realizar una olla popular frente al Palacio Municipal.<\/p>\n<p>El reclamo\u00a0pretende exigir que el Ejecutivo local cumpla con los compromisos que asumi\u00f3 con relaci\u00f3n a la construcci\u00f3n de 56 viviendas que surgen de un convenio firmado entre el municipio, la Provincia y la Naci\u00f3n.<\/p>\n<p>\u201cLas cooperativas cumplimos, Naci\u00f3n cumpli\u00f3, ahora falta el Municipio\u201d<br \/>\nAl respecto Mart\u00edn Garc\u00eda, coment\u00f3: \u201cDesde hace un mes tenemos\u00a0300 trabajadores capacitados\u00a0frenados y con los\u00a0materiales comprados\u00a0para la construcci\u00f3n de 56 viviendas pero no podemos empezar a trabajar porque el ejecutivo no cumple con las responsabilidades que le corresponden. En los terrenos donde se van a construir las viviendas\u00a0el Municipio debe garantizar la electricidad, terminar de abrir las calles y mojonar las tierras. Se la pasan prometiendo, pero no hacen nada\u201d.<\/p>\n<p>Por su parte, Rodrigo Hern\u00e1ndez, al salir del encuentro con funcionarios se\u00f1al\u00f3: \u201cEstamos a la espera de una respuesta concreta con lo que es la preparaci\u00f3n de los terrenos.\u00a0Ya tenemos la plata depositada, ya tenemos las capacitaciones hechas con los trabajadores para poder arrancar, pero lamentablemente el Municipio ha incumplido no solamente una promesa con los sectores m\u00e1s humildes, que son a los que nosotros representamos, sino con la comunidad en general porque estas viviendas son para gente de la comunidad\u201d.<\/p>\n<p>\u201cNosotros hace un mes estuvimos acampando ac\u00e1 enfrente y llevaron las m\u00e1quinas pero cuando levantamos el acampe las m\u00e1quinas se fueron con nosotros.\u00a0Dejaron los terrenos en un 30%, faltando todav\u00eda un 70% por acondicionar\u201c, agreg\u00f3.<\/p>\n<p>En este sentido, el referente barrial asegur\u00f3: \u201cEsta vez no nos vamos a ir con una promesa, sino viendo los papeles firmados, viendo cu\u00e1les son las empresas que contrataron, cu\u00e1les son los trabajos que van a hacer espec\u00edficamente porque entendemos que no les deber\u00eda llevar m\u00e1s de tres o cuatro d\u00edas y es una falta de respeto para nosotros y para las 300 familias que van a estar trabajando por m\u00e1s de un a\u00f1o\u201d.<\/p>\n<p>En el marco de una situaci\u00f3n que defini\u00f3 como \u201cin\u00e9dita a nivel nacional\u201c, Hern\u00e1ndez volvi\u00f3 a destacar: \u201cLas cooperativas cumplimos, Naci\u00f3n cumpli\u00f3, ahora falta el Municipio\u201d al tiempo que asegur\u00f3 que, a diferencia de otros proyectos no ejecutados por falta de financiamiento, en este caso \u201clos recursos est\u00e1n\u201d.<\/p>\n<p>\u201cApelamos a la sensibilidad de los funcionarios, apelamos a que puedan cumplir con sus palabras, apelamos a que gestionen. Ac\u00e1 vemos que hay cierta incapacidad de funcionarios de gestionar, lamentablemente hay funcionarios a los cuales hoy no podemos creer porque ya nos han mentido en la cara\u201d, sostuvo y concluy\u00f3: \u201cNo nos vamos a levantar hasta que est\u00e9n listos los terrenos y al otro d\u00eda podamos ponernos a trabajar en los obras que vamos a llevar adelante\u201c.<\/p>\n<h6>Fuente: La Capital Mar del Plata<\/h6>\n","protected":false},"excerpt":{"rendered":"<p>Referentes de la Confederaci\u00f3n de Trabajadores de la Econom\u00eda Popular (CTEP), la Corriente Clasista y Combativa y Barrios de Pie aseguran que el dinero y los materiales ya est\u00e1n pero la Municipalidad no cumple con su parte.<\/p>\n","protected":false},"author":2,"featured_media":66971,"comment_status":"closed","ping_status":"closed","sticky":false,"template":"","format":"standard","meta":{"footnotes":""},"categories":[2],"tags":[12],"class_list":["post-66970","post","type-post","status-publish","format-standard","has-post-thumbnail","hentry","category-informe-municipal","tag-buenos-aires"],"_links":{"self":[{"href":"http:\/\/argentinamunicipal.com.ar\/argentina\/wp-json\/wp\/v2\/posts\/66970","targetHints":{"allow":["GET"]}}],"collection":[{"href":"http:\/\/argentinamunicipal.com.ar\/argentina\/wp-json\/wp\/v2\/posts"}],"about":[{"href":"http:\/\/argentinamunicipal.com.ar\/argentina\/wp-json\/wp\/v2\/types\/post"}],"author":[{"embeddable":true,"href":"http:\/\/argentinamunicipal.com.ar\/argentina\/wp-json\/wp\/v2\/users\/2"}],"replies":[{"embeddable":true,"href":"http:\/\/argentinamunicipal.com.ar\/argentina\/wp-json\/wp\/v2\/comments?post=66970"}],"version-history":[{"count":0,"href":"http:\/\/argentinamunicipal.com.ar\/argentina\/wp-json\/wp\/v2\/posts\/66970\/revisions"}],"wp:featuredmedia":[{"embeddable":true,"href":"http:\/\/argentinamunicipal.com.ar\/argentina\/wp-json\/wp\/v2\/media\/66971"}],"wp:attachment":[{"href":"http:\/\/argentinamunicipal.com.ar\/argentina\/wp-json\/wp\/v2\/media?parent=66970"}],"wp:term":[{"taxonomy":"category","embeddable":true,"href":"http:\/\/argentinamunicipal.com.ar\/argentina\/wp-json\/wp\/v2\/categories?post=66970"},{"taxonomy":"post_tag","embeddable":true,"href":"http:\/\/argentinamunicipal.com.ar\/argentina\/wp-json\/wp\/v2\/tags?post=66970"}],"curies":[{"name":"wp","href":"https:\/\/api.w.org\/{rel}","templated":true}]}}