{"id":66987,"date":"2017-08-30T07:11:00","date_gmt":"2017-08-30T10:11:00","guid":{"rendered":"http:\/\/argentinamunicipal.com.ar\/argentina\/?p=66987"},"modified":"2017-08-30T07:11:00","modified_gmt":"2017-08-30T10:11:00","slug":"la-lista-negra-queda-freezer","status":"publish","type":"post","link":"http:\/\/argentinamunicipal.com.ar\/argentina\/la-lista-negra-queda-freezer\/","title":{"rendered":"La lista negra queda en el freezer"},"content":{"rendered":"<p>La jueza Castagnino rechaz\u00f3 el pedido de la Superintendencia de Riesgos del Trabajo para reponer el listado de trabajadores y abogados que inicien juicios por accidentes. La magistrada elev\u00f3 el caso a la C\u00e1mara de Apelaciones.<\/p>\n<p>La Justicia rechaz\u00f3 un recurso presentado por la Superintendencia de Riesgos del Trabajo para reactivar el registro para que las ART reporten cada juicio por accidentes o enfermedades laborales que enfrenten. El sistema fue creado a comienzos de mes por la Resoluci\u00f3n 760 del Ministerio de Trabajo y requer\u00eda a las empresas aseguradoras detallar el nombre de los trabajadores y abogados que las demanden con planteos de inconstitucionalidad sobre la legislaci\u00f3n vigente. Distintas asociaciones de abogados laboralistas, centrales sindicales y colegios de abogados cuestionaron la medida que calificaron de \u201clista negra\u201d. El Juzgado Nacional de Primera Instancia del Trabajo N\u00famero 4 suspendi\u00f3 su implementaci\u00f3n por seis meses. La SRT apel\u00f3 e intent\u00f3 revertir esa decisi\u00f3n. El viernes pasado la magistrada Laura Cristina Castagnino concedi\u00f3 la apelaci\u00f3n pero neg\u00f3 el recurso de reconsideraci\u00f3n, por lo que la cautelar seguir\u00e1 firme. La causa fue elevada a la C\u00e1mara Nacional de Apelaciones del Trabajo para que se sortee la Sala que deber\u00e1 intervenir.<\/p>\n<p>La normativa en disputa es parte de la estrategia oficial contra la \u201celevada litigiosidad\u201d asociada al sistema de riesgos del trabajo que, seg\u00fan afirm\u00f3 el presidente Mauricio Macri, es responsabilidad de la \u201cmafia de los juicios laborales\u201d. El diagn\u00f3stico compartido por la Casa Rosada, las c\u00e1maras empresarias y las ART es que las acciones judiciales iniciadas por accidentes y enfermedades laborales son excesivas. Los cuestionamientos al sistema de riesgos de trabajo instalado a partir de 1996 son generalizados pero la aversi\u00f3n a la litigiosidad proviene del sector empleador. Incrementa sus costos, atenta contra la inversi\u00f3n y afecta la creaci\u00f3n de empleo, sostienen. Haci\u00e9ndose eco de ese reclamo, a comienzos de a\u00f1o impuls\u00f3 el Ministerio de Trabajo impuls\u00f3 con \u00e9xito la obligatoriedad para que los accidentados atraviesen una evaluaci\u00f3n m\u00e9dica antes de contemplar el inicio de cualquier demanda en los tribunales laborales o civiles. Abogados laboralistas y sindicatos, por su parte, rechazan el diagn\u00f3stico oficial y cuestionan la constitucionalidad del nuevo esquema que el Gobierno todav\u00eda no logr\u00f3 implementar en la provincia de Buenos Aires. A la hora de explicar la cantidad de juicios acumulados apuntan contra las altas m\u00e9dicas apresuradas, las bajas reparaciones, el reducido listado de enfermedades, la negativa de las ART a cubrir reagravaciones, la ausencia de prevenci\u00f3n y seguridad laboral. Para evitar que los trabajadores lesionados sean sometidos a las cuestionadas Comisiones M\u00e9dicas inician gran parte de sus demandas con planteos de inconstitucionalidad.<\/p>\n<p>El Sistema Integral de Registro para el Estudio de la Litigiosidad del Sistema de Riesgos del Trabajo (Sirel) creado a comienzos de mes apuntaba a recabar informaci\u00f3n sobre esos litigios. Desde la Superintendencia que encabeza Gustavo Mor\u00f3n aseguraron que la informaci\u00f3n ser\u00eda para \u201cconsumo interno y producir informaci\u00f3n estad\u00edstica\u201d. Rechazaban as\u00ed la acusaci\u00f3n realizada por organizaciones como el Colegio P\u00fablico de Abogados de la Capital Federal, la Asociaci\u00f3n de Abogados Laboralistas, la CGT de C\u00f3rdoba y la CTA de los Trabajadores que coincidieron en calificar al Sirel como una \u201clista negra\u201d para estigmatizar y atemorizar a trabajadores y abogados que reclamen judicialmente.<\/p>\n<p>La presentaci\u00f3n judicial que dio lugar a la suspensi\u00f3n del registro fue presentada por la Corriente de Abogados Laboralistas 7 de Julio. \u201cUn registro sesgado como el que se crea no guarda ninguna relaci\u00f3n con la competencia atribuida a la Superintendencia de Riesgos del Trabajo\u201d, expres\u00f3 la jueza Castagnino al congelar la vigencia del Sirel por seis meses. La magistrada consider\u00f3 que el listado \u201csolo apunta a identificar a los litigantes y sus letrados, as\u00ed como al \u00f3rgano jurisdiccional que pueda emitir una sentencia de condena\u201d. La SRT present\u00f3 un recurso de reconsideraci\u00f3n con apelaci\u00f3n en subsidio. El viernes la jueza rechaz\u00f3 el primero y concedi\u00f3 el de apelaci\u00f3n, elevando la causa a la C\u00e1mara Nacional de Apelaciones del Trabajo, para que se sortee la Sala que debe intervenir. Mientras tanto la Resoluci\u00f3n est\u00e1 suspendida.<\/p>\n<h6>Fuente: P\u00e1gina 12<\/h6>\n","protected":false},"excerpt":{"rendered":"<p>La jueza Castagnino rechaz\u00f3 el pedido de la Superintendencia de Riesgos del Trabajo para reponer el listado de trabajadores y abogados que inicien juicios por accidentes. La magistrada elev\u00f3 el caso a la C\u00e1mara de Apelaciones.<\/p>\n","protected":false},"author":2,"featured_media":66988,"comment_status":"closed","ping_status":"closed","sticky":false,"template":"","format":"standard","meta":{"footnotes":""},"categories":[8],"tags":[21],"class_list":["post-66987","post","type-post","status-publish","format-standard","has-post-thumbnail","hentry","category-informe-nacional","tag-argentina"],"_links":{"self":[{"href":"http:\/\/argentinamunicipal.com.ar\/argentina\/wp-json\/wp\/v2\/posts\/66987","targetHints":{"allow":["GET"]}}],"collection":[{"href":"http:\/\/argentinamunicipal.com.ar\/argentina\/wp-json\/wp\/v2\/posts"}],"about":[{"href":"http:\/\/argentinamunicipal.com.ar\/argentina\/wp-json\/wp\/v2\/types\/post"}],"author":[{"embeddable":true,"href":"http:\/\/argentinamunicipal.com.ar\/argentina\/wp-json\/wp\/v2\/users\/2"}],"replies":[{"embeddable":true,"href":"http:\/\/argentinamunicipal.com.ar\/argentina\/wp-json\/wp\/v2\/comments?post=66987"}],"version-history":[{"count":0,"href":"http:\/\/argentinamunicipal.com.ar\/argentina\/wp-json\/wp\/v2\/posts\/66987\/revisions"}],"wp:featuredmedia":[{"embeddable":true,"href":"http:\/\/argentinamunicipal.com.ar\/argentina\/wp-json\/wp\/v2\/media\/66988"}],"wp:attachment":[{"href":"http:\/\/argentinamunicipal.com.ar\/argentina\/wp-json\/wp\/v2\/media?parent=66987"}],"wp:term":[{"taxonomy":"category","embeddable":true,"href":"http:\/\/argentinamunicipal.com.ar\/argentina\/wp-json\/wp\/v2\/categories?post=66987"},{"taxonomy":"post_tag","embeddable":true,"href":"http:\/\/argentinamunicipal.com.ar\/argentina\/wp-json\/wp\/v2\/tags?post=66987"}],"curies":[{"name":"wp","href":"https:\/\/api.w.org\/{rel}","templated":true}]}}