{"id":66990,"date":"2017-08-30T07:13:21","date_gmt":"2017-08-30T10:13:21","guid":{"rendered":"http:\/\/argentinamunicipal.com.ar\/argentina\/?p=66990"},"modified":"2017-08-30T07:13:21","modified_gmt":"2017-08-30T10:13:21","slug":"inundaciones-gobierno-nacional-destino-44-millones-los-municipios-mas-afectados","status":"publish","type":"post","link":"http:\/\/argentinamunicipal.com.ar\/argentina\/inundaciones-gobierno-nacional-destino-44-millones-los-municipios-mas-afectados\/","title":{"rendered":"Inundaciones: El gobierno nacional destin\u00f3 44 millones para los municipios m\u00e1s afectados"},"content":{"rendered":"<p>El ministro del Interior, Obras P\u00fablicas y Vivienda, Rogelio Frigerio recibi\u00f3 ayer a intendentes de municipios de la Segunda y Cuarta secciones electorales recibieron asistencia financiera a trav\u00e9s de Aportes del Tesoro Nacional (ATN) debido a las inundaciones que sufrieron en sus territorios.<\/p>\n<p>Participaron los jefes comunales de Arrecifes, Javier Olaeta; de Salto, Ricardo Alessandro; de Trenque Lauquen, Miguel Fern\u00e1ndez; de General Villegas, Eduardo Campana; de Jun\u00edn, Pablo Petrecca; de General Arenales, \u00c9rica Revilla; de Rivadavia, Javier Reynoso; y de Carlos Tejedor, Ra\u00fal Sala.<\/p>\n<p>En total, Naci\u00f3n destin\u00f3 39 millones de pesos a trav\u00e9s de pedidos por Emergencia H\u00eddrica a excepci\u00f3n de Arrecifes, que recibi\u00f3 5 millones por desequilibrio financiero generado por las inundaciones.<\/p>\n<p>As\u00ed, Salto recibi\u00f3 2 millones de pesos; Villegas otros 10 millones; Jun\u00edn, 7 millones; y Trenque Lauquen, General Arenales, Rivadavia, y Carlos Tejedor, 5 millones de pesos cada uno.<\/p>\n<p>Tambi\u00e9n estuvieron presentes el secretario de Interior de la Naci\u00f3n, Sebasti\u00e1n Garc\u00eda De Luca; el subsecretario de Recursos H\u00eddricos, Pablo Bereciartua; el subsecretario de Relaciones con las Provincias, Paulino Caballero; el secretario de Agricultura Familiar, Coordinaci\u00f3n y Desarrollo Territorial, Santiago Hardie; y el diputado nacional Sergio Buil.<\/p>\n<p>Adem\u00e1s, participaron el ministro de Agroindustria bonaerense, Leonardo Sarquis; el subsecretario de Infraestructura Hidr\u00e1ulica bonaerense, Rodrigo Silvosa; el senador provincial Marcelo Pac\u00edfico; y los diputados provinciales Marcelo Daletto y Oscar S\u00e1nchez.<\/p>\n<h6>Fuente: InfoCielo<\/h6>\n","protected":false},"excerpt":{"rendered":"<p>El ministro del Interior, Obras P\u00fablicas y Vivienda, Rogelio Frigerio recibi\u00f3 ayer a intendentes de municipios de la Segunda y Cuarta secciones electorales recibieron asistencia financiera a trav\u00e9s de Aportes del Tesoro Nacional (ATN) debido a las inundaciones que sufrieron en sus territorios.<\/p>\n","protected":false},"author":2,"featured_media":66991,"comment_status":"closed","ping_status":"closed","sticky":false,"template":"","format":"standard","meta":{"footnotes":""},"categories":[2],"tags":[12],"class_list":["post-66990","post","type-post","status-publish","format-standard","has-post-thumbnail","hentry","category-informe-municipal","tag-buenos-aires"],"_links":{"self":[{"href":"http:\/\/argentinamunicipal.com.ar\/argentina\/wp-json\/wp\/v2\/posts\/66990","targetHints":{"allow":["GET"]}}],"collection":[{"href":"http:\/\/argentinamunicipal.com.ar\/argentina\/wp-json\/wp\/v2\/posts"}],"about":[{"href":"http:\/\/argentinamunicipal.com.ar\/argentina\/wp-json\/wp\/v2\/types\/post"}],"author":[{"embeddable":true,"href":"http:\/\/argentinamunicipal.com.ar\/argentina\/wp-json\/wp\/v2\/users\/2"}],"replies":[{"embeddable":true,"href":"http:\/\/argentinamunicipal.com.ar\/argentina\/wp-json\/wp\/v2\/comments?post=66990"}],"version-history":[{"count":0,"href":"http:\/\/argentinamunicipal.com.ar\/argentina\/wp-json\/wp\/v2\/posts\/66990\/revisions"}],"wp:featuredmedia":[{"embeddable":true,"href":"http:\/\/argentinamunicipal.com.ar\/argentina\/wp-json\/wp\/v2\/media\/66991"}],"wp:attachment":[{"href":"http:\/\/argentinamunicipal.com.ar\/argentina\/wp-json\/wp\/v2\/media?parent=66990"}],"wp:term":[{"taxonomy":"category","embeddable":true,"href":"http:\/\/argentinamunicipal.com.ar\/argentina\/wp-json\/wp\/v2\/categories?post=66990"},{"taxonomy":"post_tag","embeddable":true,"href":"http:\/\/argentinamunicipal.com.ar\/argentina\/wp-json\/wp\/v2\/tags?post=66990"}],"curies":[{"name":"wp","href":"https:\/\/api.w.org\/{rel}","templated":true}]}}