{"id":66996,"date":"2017-08-30T07:18:56","date_gmt":"2017-08-30T10:18:56","guid":{"rendered":"http:\/\/argentinamunicipal.com.ar\/argentina\/?p=66996"},"modified":"2017-08-30T07:18:56","modified_gmt":"2017-08-30T10:18:56","slug":"grave-gendarmeria-pidio-datos-saco-fotos-una-protesta-estudiantes-secundarios-moreno","status":"publish","type":"post","link":"http:\/\/argentinamunicipal.com.ar\/argentina\/grave-gendarmeria-pidio-datos-saco-fotos-una-protesta-estudiantes-secundarios-moreno\/","title":{"rendered":"Grave: Gendarmer\u00eda pidi\u00f3 datos y sac\u00f3 fotos en una protesta de estudiantes secundarios de Moreno"},"content":{"rendered":"<p>Seg\u00fan una denuncia de SUTEBA, la fuerza federal intimid\u00f3 a un grupo de adolescentes que reclamaban mejoras edilicias en la Escuela Secundaria 6 de Moreno, que tiene riesgo de derrumbe.<\/p>\n<p>El SUTEBA sali\u00f3 a denunciar hoy un hecho de intimidaci\u00f3n p\u00fablica por parte de efectivos de Gendarmer\u00eda que pidieron datos y sacaron fotos a un grupo de adolescentes que reclamaba mejoras edilicias en su colegio, que tiene paredes electrificadas y riesgo de derrumbe.<\/p>\n<p>La actitud de Gendarmer\u00eda, justo cuando su accionar est\u00e1 en tela de juicio por la desaparici\u00f3n de Santiago Maldonado, vuelve a generar preocupaci\u00f3n.<br \/>\n\u201cDos m\u00f3viles de la Gendarmer\u00eda Nacional se presentaron en la Escuela para tomar datos y fotos de todos los presentes\u201d, denunci\u00f3 el gremio en un comunicado, en el que calific\u00f3 a la medida como \u201cexcesiva y violenta ante un justo reclamo expresado desde el derecho adquirido por vivir en un Estado Democr\u00e1tico\u201d.<\/p>\n<p>\u201cDesde SUTEBA repudiamos esta actitud intimidatoria y ratificamos nuestro compromiso con todos lxs alumnxs, familias y personal de la Escuela que no hacen m\u00e1s que defender el derecho a tener condiciones dignas de aprender y ense\u00f1ar\u201d, sostiene el comunicado.<\/p>\n<p>La respuesta de los j\u00f3venes fue mantener el reclamo. De hecho, hoy toda la Comunidad Educativa de la Escuela Secundaria N\u00ba 6 de Moreno llevar\u00e1 adelante una \u201cpermanencia pac\u00edfica\u201d en el establecimiento para \u201creclamar por urgentes soluciones a los problemas edilicios que sufren hace varios a\u00f1os\u201d.<\/p>\n<p>\u201cLa ES N\u00ba 6 est\u00e1 en condiciones deplorables ya que tiene obras paralizadas desde 2012\u201d, afirma el comunicado. La situaci\u00f3n de deterioro es tal que las paredes quedan electrificadas cuando llueve y existe \u201criesgo de derrumbe\u201d en todo el edificio.<\/p>\n<h6>Fuente: InfoCielo<\/h6>\n","protected":false},"excerpt":{"rendered":"<p>Seg\u00fan una denuncia de SUTEBA, la fuerza federal intimid\u00f3 a un grupo de adolescentes que reclamaban mejoras edilicias en la Escuela Secundaria 6 de Moreno, que tiene riesgo de derrumbe.<\/p>\n","protected":false},"author":2,"featured_media":66997,"comment_status":"closed","ping_status":"closed","sticky":false,"template":"","format":"standard","meta":{"footnotes":""},"categories":[2],"tags":[12],"class_list":["post-66996","post","type-post","status-publish","format-standard","has-post-thumbnail","hentry","category-informe-municipal","tag-buenos-aires"],"_links":{"self":[{"href":"http:\/\/argentinamunicipal.com.ar\/argentina\/wp-json\/wp\/v2\/posts\/66996","targetHints":{"allow":["GET"]}}],"collection":[{"href":"http:\/\/argentinamunicipal.com.ar\/argentina\/wp-json\/wp\/v2\/posts"}],"about":[{"href":"http:\/\/argentinamunicipal.com.ar\/argentina\/wp-json\/wp\/v2\/types\/post"}],"author":[{"embeddable":true,"href":"http:\/\/argentinamunicipal.com.ar\/argentina\/wp-json\/wp\/v2\/users\/2"}],"replies":[{"embeddable":true,"href":"http:\/\/argentinamunicipal.com.ar\/argentina\/wp-json\/wp\/v2\/comments?post=66996"}],"version-history":[{"count":0,"href":"http:\/\/argentinamunicipal.com.ar\/argentina\/wp-json\/wp\/v2\/posts\/66996\/revisions"}],"wp:featuredmedia":[{"embeddable":true,"href":"http:\/\/argentinamunicipal.com.ar\/argentina\/wp-json\/wp\/v2\/media\/66997"}],"wp:attachment":[{"href":"http:\/\/argentinamunicipal.com.ar\/argentina\/wp-json\/wp\/v2\/media?parent=66996"}],"wp:term":[{"taxonomy":"category","embeddable":true,"href":"http:\/\/argentinamunicipal.com.ar\/argentina\/wp-json\/wp\/v2\/categories?post=66996"},{"taxonomy":"post_tag","embeddable":true,"href":"http:\/\/argentinamunicipal.com.ar\/argentina\/wp-json\/wp\/v2\/tags?post=66996"}],"curies":[{"name":"wp","href":"https:\/\/api.w.org\/{rel}","templated":true}]}}