{"id":66999,"date":"2017-08-30T07:22:11","date_gmt":"2017-08-30T10:22:11","guid":{"rendered":"http:\/\/argentinamunicipal.com.ar\/argentina\/?p=66999"},"modified":"2017-08-30T07:22:11","modified_gmt":"2017-08-30T10:22:11","slug":"reclamo-del-intendente-avellaneda-llame-mas-diez-veces-vidal-jamas-me-atendio","status":"publish","type":"post","link":"http:\/\/argentinamunicipal.com.ar\/argentina\/reclamo-del-intendente-avellaneda-llame-mas-diez-veces-vidal-jamas-me-atendio\/","title":{"rendered":"El reclamo del intendente de Avellaneda: \u00abLlam\u00e9 m\u00e1s de diez veces a Vidal y jam\u00e1s me atendi\u00f3\u00bb"},"content":{"rendered":"<p>El intendente de Avellaneda, uno de los distritos m\u00e1s poblados de Buenos Aires, entreg\u00f3 un petitorio en la Gobernaci\u00f3n por la falta de fondos para infraestructura en las escuelas provinciales. Lo recibi\u00f3 una empleada administrativa.<\/p>\n<p>El intendente de Avellaneda,\u00a0Jorge Ferrares, junto a una comitiva de directivos de escuelas y docentes del distrito, pidi\u00f3 una audiencia con la gobernadora\u00a0Mar\u00eda Eugenia Vidal\u00a0en reclamo a una respuesta a los problemas de infraestructura que atraviesan los establecimientos educativos provinciales de la localidad del sur del Gran Buenos Aires.<\/p>\n<p>\u00abSon 34 escuelas\u00a0donde hay una inversi\u00f3n de 134 millones de pesos. Algunas hay que construirlas nuevas.\u00a0Este a\u00f1o invertimos 80 millones de pesos de recursos municipales\u00a0en 70 escuelas de la ciudad\u00bb, asegur\u00f3 el intendente de uno de los distritos m\u00e1s poblados de la Provincia.<\/p>\n<p>Desde la puerta de la Gobernaci\u00f3n, a la espera de ser recibido, Ferraresi agreg\u00f3: \u00abNo hemos podido hablar\u00a0en este a\u00f1o y ocho meses con ella, me cans\u00e9 de pedir audiencia por distintas v\u00edas,\u00a0llam\u00e9 m\u00e1s de diez veces a la gobernadora y jam\u00e1s me atendi\u00f3\u00bb, reclam\u00f3.<\/p>\n<p>El jefe comunal llev\u00f3 la casa de Gobierno expedientes de las 34 escuelas de Avellaneda que dependen de la Provincia, con reclamos de obras de infraestructura desde diciembre de 2015 a la fecha, que fueron recibidos en Mesa de Entradas.<\/p>\n<h6>Fuetne: InfoNews<\/h6>\n","protected":false},"excerpt":{"rendered":"<p>El intendente de Avellaneda, uno de los distritos m\u00e1s poblados de Buenos Aires, entreg\u00f3 un petitorio en la Gobernaci\u00f3n por la falta de fondos para infraestructura en las escuelas provinciales. <\/p>\n","protected":false},"author":2,"featured_media":67000,"comment_status":"closed","ping_status":"closed","sticky":false,"template":"","format":"standard","meta":{"footnotes":""},"categories":[4],"tags":[12],"class_list":["post-66999","post","type-post","status-publish","format-standard","has-post-thumbnail","hentry","category-informe-politico","tag-buenos-aires"],"_links":{"self":[{"href":"http:\/\/argentinamunicipal.com.ar\/argentina\/wp-json\/wp\/v2\/posts\/66999","targetHints":{"allow":["GET"]}}],"collection":[{"href":"http:\/\/argentinamunicipal.com.ar\/argentina\/wp-json\/wp\/v2\/posts"}],"about":[{"href":"http:\/\/argentinamunicipal.com.ar\/argentina\/wp-json\/wp\/v2\/types\/post"}],"author":[{"embeddable":true,"href":"http:\/\/argentinamunicipal.com.ar\/argentina\/wp-json\/wp\/v2\/users\/2"}],"replies":[{"embeddable":true,"href":"http:\/\/argentinamunicipal.com.ar\/argentina\/wp-json\/wp\/v2\/comments?post=66999"}],"version-history":[{"count":0,"href":"http:\/\/argentinamunicipal.com.ar\/argentina\/wp-json\/wp\/v2\/posts\/66999\/revisions"}],"wp:featuredmedia":[{"embeddable":true,"href":"http:\/\/argentinamunicipal.com.ar\/argentina\/wp-json\/wp\/v2\/media\/67000"}],"wp:attachment":[{"href":"http:\/\/argentinamunicipal.com.ar\/argentina\/wp-json\/wp\/v2\/media?parent=66999"}],"wp:term":[{"taxonomy":"category","embeddable":true,"href":"http:\/\/argentinamunicipal.com.ar\/argentina\/wp-json\/wp\/v2\/categories?post=66999"},{"taxonomy":"post_tag","embeddable":true,"href":"http:\/\/argentinamunicipal.com.ar\/argentina\/wp-json\/wp\/v2\/tags?post=66999"}],"curies":[{"name":"wp","href":"https:\/\/api.w.org\/{rel}","templated":true}]}}