{"id":67005,"date":"2017-08-30T07:30:29","date_gmt":"2017-08-30T10:30:29","guid":{"rendered":"http:\/\/argentinamunicipal.com.ar\/argentina\/?p=67005"},"modified":"2017-08-30T07:30:29","modified_gmt":"2017-08-30T10:30:29","slug":"cataluna-redobla-paso-hacia-la-independencia","status":"publish","type":"post","link":"http:\/\/argentinamunicipal.com.ar\/argentina\/cataluna-redobla-paso-hacia-la-independencia\/","title":{"rendered":"Catalu\u00f1a redobla el paso hacia la independencia"},"content":{"rendered":"<p>Durante una entrevista v\u00eda Facebook Live, el presidente de la Generalitat, Carles Puigdemont, defendi\u00f3 la necesidad de que Catalu\u00f1a tenga su propio ej\u00e9rcito y anticip\u00f3 que si el 1 de octubre triunfa la separaci\u00f3n de Espa\u00f1a ocupar\u00e1 el cargo durante seis meses m\u00e1s, plazo en el cual se propone preparar el proceso constituyente para la organizaci\u00f3n de una eventual Rep\u00fablica catalana.<\/p>\n<p>A su juicio, disponer de un ej\u00e9rcito es \u201cabsolutamente indispensable\u201d para una Catalu\u00f1a independiente. \u201cLos ej\u00e9rcitos, las pol\u00edticas de defensa, son absolutamente indispensables para el combate global\u201d contra el terrorismo, tal como qued\u00f3 demostrado con los atentados de Barcelona y Cambrils (Tarragona).<\/p>\n<p>\u201cSe necesita esfuerzo, se necesita inteligencia militar y recursos para hacer frente a los ataques de las guerras modernas\u201d, agreg\u00f3 Puigdemont durante el chat, oportunidad en que ha reconocido que Catalu\u00f1a es una regi\u00f3n expuesta\u00a0a los ataques. \u201cNo debemos tener complejos, hemos de tener una pol\u00edtica de defensa moderna, democr\u00e1tica y homologable a la de las naciones aliadas\u201d, adelant\u00f3 el dirigente, consciente de que el anteproyecto de creaci\u00f3n de una nueva rep\u00fablica contempla que el Ej\u00e9rcito espa\u00f1ol abandone el territorio catal\u00e1n.<\/p>\n<p>Puigdemont reiter\u00f3 que ser\u00e1 presidente \u201chasta las elecciones constituyentes\u201d que, seg\u00fan la ley de Transitorietat, se deben celebrar seis meses despu\u00e9s del refer\u00e9ndum del 1-O, siempre y cuando gane la propuesta de la independencia. Durante estos seis meses el actual presidente de la Generalitat ejercer\u00e1 las veces de jefe del Estado y jefe del Ejecutivo catal\u00e1n.<\/p>\n<p>Si gana el no, Puigdemont dejar\u00eda de ser presidente mucho antes, ya que \u2013como ya hab\u00eda anunciado\u2013 convocar\u00e1 elecciones auton\u00f3micas, \u201centre 40 y 60 d\u00edas\u201d despu\u00e9s del refer\u00e9ndum. \u201cYo no estar\u00e9 en este paso como presidente\u201d, reiter\u00f3 en alusi\u00f3n a la fase posterior del proceso: elecciones constituyentes y despu\u00e9s creaci\u00f3n de una Asamblea que redacte una constituci\u00f3n.<\/p>\n<p>En otro orden, Puigdemont, en alusi\u00f3n a las cr\u00edticas que despert\u00f3 el encuentro del s\u00e1bado pasado con el vicepresidente del Gobierno catal\u00e1n y l\u00edder de ERC, Oriol Junqueras, y con el l\u00edder de Podemos, Pablo Iglesias, dijo que los pol\u00edticos que defienden el refer\u00e9ndum del 1-O \u201ctienen que intentar hablar\u201d con la mayor cantidad de personas posibles para despejar sus dudas sobre la hoja de ruta del Gobierno regional, y se mostr\u00f3 confiado en que Iglesias traslad\u00f3 sus inquietudes a Junqueras y que \u00e9l se las despej\u00f3.<\/p>\n<h6>Fuente: P\u00e1gina 12<\/h6>\n","protected":false},"excerpt":{"rendered":"<p>Durante una entrevista v\u00eda Facebook Live, el presidente de la Generalitat, Carles Puigdemont, defendi\u00f3 la necesidad de que Catalu\u00f1a tenga su propio ej\u00e9rcito <\/p>\n","protected":false},"author":2,"featured_media":67006,"comment_status":"closed","ping_status":"closed","sticky":false,"template":"","format":"standard","meta":{"footnotes":""},"categories":[22],"tags":[57],"class_list":["post-67005","post","type-post","status-publish","format-standard","has-post-thumbnail","hentry","category-el-mundo","tag-el-mundo"],"_links":{"self":[{"href":"http:\/\/argentinamunicipal.com.ar\/argentina\/wp-json\/wp\/v2\/posts\/67005","targetHints":{"allow":["GET"]}}],"collection":[{"href":"http:\/\/argentinamunicipal.com.ar\/argentina\/wp-json\/wp\/v2\/posts"}],"about":[{"href":"http:\/\/argentinamunicipal.com.ar\/argentina\/wp-json\/wp\/v2\/types\/post"}],"author":[{"embeddable":true,"href":"http:\/\/argentinamunicipal.com.ar\/argentina\/wp-json\/wp\/v2\/users\/2"}],"replies":[{"embeddable":true,"href":"http:\/\/argentinamunicipal.com.ar\/argentina\/wp-json\/wp\/v2\/comments?post=67005"}],"version-history":[{"count":0,"href":"http:\/\/argentinamunicipal.com.ar\/argentina\/wp-json\/wp\/v2\/posts\/67005\/revisions"}],"wp:featuredmedia":[{"embeddable":true,"href":"http:\/\/argentinamunicipal.com.ar\/argentina\/wp-json\/wp\/v2\/media\/67006"}],"wp:attachment":[{"href":"http:\/\/argentinamunicipal.com.ar\/argentina\/wp-json\/wp\/v2\/media?parent=67005"}],"wp:term":[{"taxonomy":"category","embeddable":true,"href":"http:\/\/argentinamunicipal.com.ar\/argentina\/wp-json\/wp\/v2\/categories?post=67005"},{"taxonomy":"post_tag","embeddable":true,"href":"http:\/\/argentinamunicipal.com.ar\/argentina\/wp-json\/wp\/v2\/tags?post=67005"}],"curies":[{"name":"wp","href":"https:\/\/api.w.org\/{rel}","templated":true}]}}