{"id":67008,"date":"2017-08-30T07:37:58","date_gmt":"2017-08-30T10:37:58","guid":{"rendered":"http:\/\/argentinamunicipal.com.ar\/argentina\/?p=67008"},"modified":"2017-08-30T07:37:58","modified_gmt":"2017-08-30T10:37:58","slug":"villa-del-parque-ya-disfruta-la-primera-plazoleta-sonora-santa-fe","status":"publish","type":"post","link":"http:\/\/argentinamunicipal.com.ar\/argentina\/villa-del-parque-ya-disfruta-la-primera-plazoleta-sonora-santa-fe\/","title":{"rendered":"Villa del Parque ya disfruta de la primera plazoleta sonora de Santa Fe"},"content":{"rendered":"<p>Esta ubicada en Pasaje Giachino 4496 y fue inaugurada el \u00faltimo domingo. El proyecto lo impuls\u00f3 el grupo Barrio sin Plaza junto a artistas, instituciones y vecinos. Se llama Emplazamiento Sonoro y, entre otras cosas, tiene un banco que funciona tambi\u00e9n como un dispositivo l\u00fadico e instrumento musical percusivo.<\/p>\n<p>El tiempo amenazaba con lluvia pero finalmente se vivi\u00f3 una tarde de mucha alegr\u00eda, donde grandes y chicos disfrutaron de la nueva plazoleta. Se trata de un espacio recreativo abierto, ubicado en la v\u00eda p\u00fablica, sobre la vereda del Centro de D\u00eda Por una Mejor Comunidad, en Pasaje Giachino 4496. La jornada comenz\u00f3 con la llamada a cargo de Murgalegre, murga anfitrioa que invit\u00f3 a muchos vecinos a acercarse al espacio.<\/p>\n<p>Luego de unas palabras de bienevenida se dio paso a la presentaci\u00f3n de Juan Venturini, Gabriel Speciali, Facundo C\u00e9spedes y Cristian Micucci, quienes compartieron con el barrio un repertorio de temas del folklore latinoamericano. A continuaci\u00f3n Ricardo Romero brind\u00f3 un tributo a Marco Antonio Solis, tambi\u00e9n disfrutaron del candombe de la mano de la cuerda Camb\u00e1 Namb\u00ed y la murga Cristo Obrero.<\/p>\n<p>El cierre de la inauguraci\u00f3n fue al ritmo de la cumbia con Grupo Servic de\u00a0Santa Fe. Las diferentes propuestas musicales, grandes y chicos ensayaron sus toques en el banco sonoro. Esta plazoleta es el segundo de los emplazamientos art\u00edsticos que el colectivo Barrio sin Plaza realiza en barrio. El acto cont\u00f3 con representantes del Centro de D\u00eda por una Mejor Comunidad, de la Parroquia Cristo Obrero, de la Asociaci\u00f3n Vecinal Villa del Parque, de artistas, vecinos, familiares y amigos.<\/p>\n<p><strong>De que se trata<\/strong><br \/>\nBarrio sin Plaza es un proyecto art\u00edstico que surge de la acci\u00f3n colaborativa entre artistas gestores y vecinos de Villa del Parque. Emplazamiento Sonoro es una instalaci\u00f3n permanente de espacio espec\u00edfico que el colectivo realiz\u00f3 en la ciudad de Santa Fe. El dise\u00f1o y la ejecuci\u00f3n de la obra estuvo coordinado por Ariana Beilis y Malcon D&#8217;Stefano, con la participaci\u00f3n de vecinos, integrantes de la Red de instituciones del barrio Villa del Parque y artistas invitados como Maximiliano Peralta Rodr\u00edguez, Florencia Olmos, Nicol\u00e1s Prus, Ulises Mazzucca y Lucas Bizzotto.<\/p>\n<p>Las mejoras atendieron a los objetivos del proyecto en torno a la recreaci\u00f3n a trav\u00e9s de la expresi\u00f3n musical, a la construcci\u00f3n de la ciudadan\u00eda mediante el uso creativo de los espacios p\u00fablicos y a las necesidades f\u00edsicas del lugar a intervenir. Es por eso que se realiz\u00f3 un nivelado del terreno, se construy\u00f3 una explanada peatonal de cemento coloreado mejorando la transitabilidad de la vereda; se parquiz\u00f3 el espacio circundante; se pint\u00f3 un\u00a0mural; se puso la se\u00f1al\u00e9tica vial; se ilumin\u00f3 y coloc\u00f3 un banco sonoro en la vereda del edificio donde ensaya Murgalegre y se brinda la copa de leche barrial.<\/p>\n<p>El asiento instalado, funciona a su vez como dispositivo l\u00fadico e instrumento musical percusivo que se ejecuta de igual manera que un caj\u00f3n peruano. La pieza construida por el artista Maximiliano Peralta Rodr\u00edguez, es un banco curvo de madera, formado por compartimentos estancos que generan diferentes sonidos. La obra cuenta con las habilitaciones municipales correspondientes.<\/p>\n<p>Vale contar que el mes pasado, Barrio Sin Plaza transform\u00f3 la vereda del Centro de\u00a0salud\u00a0Cristo Obrero -Padre Catena 4300-en una plaza que invita a jugar con las palabras, con las letras de las canciones y las rimas de la poes\u00eda. Este espacio recreativo p\u00fablico fue construido por muchas manos para que lo disfruten todo el barrio Villa del Parque. Se llama Emplazamiento de la palabra.<\/p>\n<h6>Fuente: Uno Santa Fe<\/h6>\n","protected":false},"excerpt":{"rendered":"<p>Esta ubicada en Pasaje Giachino 4496 y fue inaugurada el \u00faltimo domingo. El proyecto lo impuls\u00f3 el grupo Barrio sin Plaza junto a artistas, instituciones y vecinos. <\/p>\n","protected":false},"author":2,"featured_media":67009,"comment_status":"closed","ping_status":"closed","sticky":false,"template":"","format":"standard","meta":{"footnotes":""},"categories":[2],"tags":[10],"class_list":["post-67008","post","type-post","status-publish","format-standard","has-post-thumbnail","hentry","category-informe-municipal","tag-santa-fe"],"_links":{"self":[{"href":"http:\/\/argentinamunicipal.com.ar\/argentina\/wp-json\/wp\/v2\/posts\/67008","targetHints":{"allow":["GET"]}}],"collection":[{"href":"http:\/\/argentinamunicipal.com.ar\/argentina\/wp-json\/wp\/v2\/posts"}],"about":[{"href":"http:\/\/argentinamunicipal.com.ar\/argentina\/wp-json\/wp\/v2\/types\/post"}],"author":[{"embeddable":true,"href":"http:\/\/argentinamunicipal.com.ar\/argentina\/wp-json\/wp\/v2\/users\/2"}],"replies":[{"embeddable":true,"href":"http:\/\/argentinamunicipal.com.ar\/argentina\/wp-json\/wp\/v2\/comments?post=67008"}],"version-history":[{"count":0,"href":"http:\/\/argentinamunicipal.com.ar\/argentina\/wp-json\/wp\/v2\/posts\/67008\/revisions"}],"wp:featuredmedia":[{"embeddable":true,"href":"http:\/\/argentinamunicipal.com.ar\/argentina\/wp-json\/wp\/v2\/media\/67009"}],"wp:attachment":[{"href":"http:\/\/argentinamunicipal.com.ar\/argentina\/wp-json\/wp\/v2\/media?parent=67008"}],"wp:term":[{"taxonomy":"category","embeddable":true,"href":"http:\/\/argentinamunicipal.com.ar\/argentina\/wp-json\/wp\/v2\/categories?post=67008"},{"taxonomy":"post_tag","embeddable":true,"href":"http:\/\/argentinamunicipal.com.ar\/argentina\/wp-json\/wp\/v2\/tags?post=67008"}],"curies":[{"name":"wp","href":"https:\/\/api.w.org\/{rel}","templated":true}]}}