{"id":67011,"date":"2017-08-30T07:39:57","date_gmt":"2017-08-30T10:39:57","guid":{"rendered":"http:\/\/argentinamunicipal.com.ar\/argentina\/?p=67011"},"modified":"2017-08-30T07:39:57","modified_gmt":"2017-08-30T10:39:57","slug":"sindicatos-franceses-anticipan-movilizaciones-la-reforma-laboral","status":"publish","type":"post","link":"http:\/\/argentinamunicipal.com.ar\/argentina\/sindicatos-franceses-anticipan-movilizaciones-la-reforma-laboral\/","title":{"rendered":"Sindicatos franceses anticipan movilizaciones contra la reforma laboral"},"content":{"rendered":"<p>Emmanuel Macron anunci\u00f3 que impulsar\u00e1 por decreto una nueva reforma de la ley laboral, que completar\u00eda la que implement\u00f3 como ministro de Econom\u00eda del socialista Francois Hollande.<\/p>\n<p>La inminente firma de un decreto para instaurar una ley de reforma laboral en Francia anticipa el primer gran conflicto de la presidencia de Emmanuel Macron con las principales centrales obreras, algunas de las cuales ya convocaron a una movilizaci\u00f3n para septiembre y alertaron sobre el \u00abdescontento real\u00bb de los franceses por el proyecto oficial.<\/p>\n<p>A poco de asumir, el liberal Macron anunci\u00f3 que impulsar\u00e1 por decreto una nueva reforma de la ley laboral, que completar\u00eda la que implement\u00f3 como ministro de Econom\u00eda del socialista Francois Hollande, lo que provoc\u00f3 la convocatoria a una movilizaci\u00f3n sindical para el 12 de septiembre.<\/p>\n<p>Al respecto, el secretario general de la Confederaci\u00f3n General del Trabajo (CGT), Philippe Mart\u00ednez, reconoci\u00f3 hoy durante una conferencia de prensa que la protesta, convocada inicialmente por esa central, \u00abno ser\u00e1 suficiente para hacer cambiar de idea\u00bb al ejecutivo galo.<\/p>\n<h6>\nFuente:\u00a0Sin MOrdaza<\/h6>\n","protected":false},"excerpt":{"rendered":"<p>Emmanuel Macron anunci\u00f3 que impulsar\u00e1 por decreto una nueva reforma de la ley laboral, que completar\u00eda la que implement\u00f3 como ministro de Econom\u00eda del socialista Francois Hollande.<\/p>\n","protected":false},"author":2,"featured_media":67012,"comment_status":"closed","ping_status":"closed","sticky":false,"template":"","format":"standard","meta":{"footnotes":""},"categories":[22],"tags":[57],"class_list":["post-67011","post","type-post","status-publish","format-standard","has-post-thumbnail","hentry","category-el-mundo","tag-el-mundo"],"_links":{"self":[{"href":"http:\/\/argentinamunicipal.com.ar\/argentina\/wp-json\/wp\/v2\/posts\/67011","targetHints":{"allow":["GET"]}}],"collection":[{"href":"http:\/\/argentinamunicipal.com.ar\/argentina\/wp-json\/wp\/v2\/posts"}],"about":[{"href":"http:\/\/argentinamunicipal.com.ar\/argentina\/wp-json\/wp\/v2\/types\/post"}],"author":[{"embeddable":true,"href":"http:\/\/argentinamunicipal.com.ar\/argentina\/wp-json\/wp\/v2\/users\/2"}],"replies":[{"embeddable":true,"href":"http:\/\/argentinamunicipal.com.ar\/argentina\/wp-json\/wp\/v2\/comments?post=67011"}],"version-history":[{"count":0,"href":"http:\/\/argentinamunicipal.com.ar\/argentina\/wp-json\/wp\/v2\/posts\/67011\/revisions"}],"wp:featuredmedia":[{"embeddable":true,"href":"http:\/\/argentinamunicipal.com.ar\/argentina\/wp-json\/wp\/v2\/media\/67012"}],"wp:attachment":[{"href":"http:\/\/argentinamunicipal.com.ar\/argentina\/wp-json\/wp\/v2\/media?parent=67011"}],"wp:term":[{"taxonomy":"category","embeddable":true,"href":"http:\/\/argentinamunicipal.com.ar\/argentina\/wp-json\/wp\/v2\/categories?post=67011"},{"taxonomy":"post_tag","embeddable":true,"href":"http:\/\/argentinamunicipal.com.ar\/argentina\/wp-json\/wp\/v2\/tags?post=67011"}],"curies":[{"name":"wp","href":"https:\/\/api.w.org\/{rel}","templated":true}]}}