{"id":67017,"date":"2017-08-30T07:45:54","date_gmt":"2017-08-30T10:45:54","guid":{"rendered":"http:\/\/argentinamunicipal.com.ar\/argentina\/?p=67017"},"modified":"2017-08-30T07:45:54","modified_gmt":"2017-08-30T10:45:54","slug":"se-multiplica-original-reclamo-santiago-maldonado-esta-vez-pami-bariloche","status":"publish","type":"post","link":"http:\/\/argentinamunicipal.com.ar\/argentina\/se-multiplica-original-reclamo-santiago-maldonado-esta-vez-pami-bariloche\/","title":{"rendered":"Se multiplica un original reclamo por Santiago Maldonado: esta vez en el PAMI de Bariloche"},"content":{"rendered":"<p>Ocurri\u00f3 en varias dependencias y estamentos en los cuales se atiende al p\u00fablico a trav\u00e9s de llamados por n\u00famero. Mir\u00e1 c\u00f3mo llevan a cabo la acci\u00f3n espont\u00e1nea por la aparici\u00f3n con vida del artesano.<\/p>\n<p>Trabajadores de la sucursal de PAMI de Alto de Bariloche realizaron un original reclamo por la aparici\u00f3n con vida de Santiago Maldonado, situaci\u00f3n que fue replicada durante los \u00faltimos d\u00edas en varios centros de atenci\u00f3n al p\u00fablico como hospitales y otras dependencias.<\/p>\n<p>El formato consta en hacer figurar al joven desaparecido tras una represi\u00f3n de Gendarmer\u00eda en la PU Lof mapuche de Cushamen, en Chubut, en el cartel o pantalla de llamados por n\u00famero.<\/p>\n<p>En este caso, la convocatoria al \u00abPuesto 2\u00bb de atenci\u00f3n del Pami, convoc\u00f3 a \u00abSantiago Maldonado\u00bb. Ante la falta de respuesta de la sala repleta, el mensaje fue repetido por los altavoces varias veces.<\/p>\n<p>Hasta que algunos jubilados respondieron \u00abse lo llev\u00f3 Gendarmer\u00eda\u00bb.<\/p>\n<p>\u00abSomos los trabajadores de PAMI del Alto que adherimos a la campa\u00f1a de aparici\u00f3n con vida de Santiago Maldonado\u00bb, dijo uno de los empleados del PAMI en la sala de espera.<\/p>\n<p>\u00abEl joven de 28 a\u00f1os estaba en la comunidad mapuche en Cushamen en Esquel, cuando entr\u00f3 Gendarmer\u00eda a reprimir indiscriminadamente y varios testigos vieron que se lo llevaron\u00bb, explic\u00f3.<\/p>\n<p>\u00abHay una campa\u00f1a en todo el pa\u00eds por la aparici\u00f3n con vida de Santiago\u00bb.\u00a0\u00abAdem\u00e1s pedimos juicio pol\u00edtico a la ministra (de Seguridad, Patricia) Bullrich, (el jefe de su Gabinete Pablo) Noceti, quien estuvo presente en el operativo de Gendarmer\u00eda en el que secuestraron a Santiago\u00bb, sostuvo.<\/p>\n<h6>Fuente: InfoNews<\/h6>\n","protected":false},"excerpt":{"rendered":"<p>Ocurri\u00f3 en varias dependencias y estamentos en los cuales se atiende al p\u00fablico a trav\u00e9s de llamados por n\u00famero. Mir\u00e1 c\u00f3mo llevan a cabo la acci\u00f3n espont\u00e1nea por la aparici\u00f3n con vida del artesano.  <\/p>\n","protected":false},"author":2,"featured_media":67018,"comment_status":"closed","ping_status":"closed","sticky":false,"template":"","format":"standard","meta":{"footnotes":""},"categories":[2],"tags":[11],"class_list":["post-67017","post","type-post","status-publish","format-standard","has-post-thumbnail","hentry","category-informe-municipal","tag-rio-negro"],"_links":{"self":[{"href":"http:\/\/argentinamunicipal.com.ar\/argentina\/wp-json\/wp\/v2\/posts\/67017","targetHints":{"allow":["GET"]}}],"collection":[{"href":"http:\/\/argentinamunicipal.com.ar\/argentina\/wp-json\/wp\/v2\/posts"}],"about":[{"href":"http:\/\/argentinamunicipal.com.ar\/argentina\/wp-json\/wp\/v2\/types\/post"}],"author":[{"embeddable":true,"href":"http:\/\/argentinamunicipal.com.ar\/argentina\/wp-json\/wp\/v2\/users\/2"}],"replies":[{"embeddable":true,"href":"http:\/\/argentinamunicipal.com.ar\/argentina\/wp-json\/wp\/v2\/comments?post=67017"}],"version-history":[{"count":0,"href":"http:\/\/argentinamunicipal.com.ar\/argentina\/wp-json\/wp\/v2\/posts\/67017\/revisions"}],"wp:featuredmedia":[{"embeddable":true,"href":"http:\/\/argentinamunicipal.com.ar\/argentina\/wp-json\/wp\/v2\/media\/67018"}],"wp:attachment":[{"href":"http:\/\/argentinamunicipal.com.ar\/argentina\/wp-json\/wp\/v2\/media?parent=67017"}],"wp:term":[{"taxonomy":"category","embeddable":true,"href":"http:\/\/argentinamunicipal.com.ar\/argentina\/wp-json\/wp\/v2\/categories?post=67017"},{"taxonomy":"post_tag","embeddable":true,"href":"http:\/\/argentinamunicipal.com.ar\/argentina\/wp-json\/wp\/v2\/tags?post=67017"}],"curies":[{"name":"wp","href":"https:\/\/api.w.org\/{rel}","templated":true}]}}