{"id":67026,"date":"2017-08-30T07:57:03","date_gmt":"2017-08-30T10:57:03","guid":{"rendered":"http:\/\/argentinamunicipal.com.ar\/argentina\/?p=67026"},"modified":"2017-08-30T07:57:03","modified_gmt":"2017-08-30T10:57:03","slug":"bariloche-retencion-servicios-transito","status":"publish","type":"post","link":"http:\/\/argentinamunicipal.com.ar\/argentina\/bariloche-retencion-servicios-transito\/","title":{"rendered":"Bariloche: Retenci\u00f3n de servicios en Tr\u00e1nsito"},"content":{"rendered":"<p>Desde el gremio de empleados municipales informaron que se lleva a cabo una retenci\u00f3n de servicios en el \u00e1rea de tr\u00e1nsito, por falta de gas y electricidad, dado que no est\u00e1n dadas las condiciones.\u00a0No se atender\u00e1 al p\u00fablico y el personal cumplir\u00e1 horario en el gremio.<\/p>\n<p>Juan Fuentes, del gremio Soyem, inform\u00f3 que se reiteran en el \u00e1rea de Tr\u00e1nsito las mismas condiciones que el lunes y se\u00f1al\u00f3 que hab\u00eda pedido al personal pol\u00edtico que se suspendiera la atenci\u00f3n por 48 horas para poder trabajar, \u00absi es que van a poner los equipos, hoy no hay nada\u00bb.<\/p>\n<p>Manifest\u00f3 que hoy la t\u00e9rmica sigue saltando y no hay ni luz ni gas. Inform\u00f3 que tras realizar la asamblea se decidi\u00f3 llevar a cabo la retenci\u00f3n, porque \u00abes imposible estar siete horas al fr\u00edo, porque es una heladera todo, no hay sistema tampoco, las t\u00e9rmicas siguen saltando, es imposible\u00bb.<\/p>\n<p>Lament\u00f3 que \u00abno vino ning\u00fan personal pol\u00edtico a poner la cara al contribuyente\u00bb. Sostuvo que si bien ayer dijeron que estaba todo comprado y hoy iban a trabajar, no ven nada y enfatiz\u00f3 que eso \u00ablleva su tiempo\u00bb.<\/p>\n<p>Manifest\u00f3 que \u00abhoy no se puede trabajar y no se va a atender\u00bb.<\/p>\n<p>En Veterinaria y Zoonosis hay varios turnos dados por lo que hoy se va a trabajar, pero ma\u00f1ana no, porque \u00ablos compa\u00f1eros tienen elementos que lavar y no hay ni siquiera agua caliente\u00bb.<\/p>\n<h6>Fuente: bariloche 2000<\/h6>\n","protected":false},"excerpt":{"rendered":"<p>Desde el gremio de empleados municipales informaron que se lleva a cabo una retenci\u00f3n de servicios en el \u00e1rea de tr\u00e1nsito, por falta de gas y electricidad, dado que no est\u00e1n dadas las condiciones. <\/p>\n","protected":false},"author":2,"featured_media":67027,"comment_status":"closed","ping_status":"closed","sticky":false,"template":"","format":"standard","meta":{"footnotes":""},"categories":[7],"tags":[11],"class_list":["post-67026","post","type-post","status-publish","format-standard","has-post-thumbnail","hentry","category-informe-sindical","tag-rio-negro"],"_links":{"self":[{"href":"http:\/\/argentinamunicipal.com.ar\/argentina\/wp-json\/wp\/v2\/posts\/67026","targetHints":{"allow":["GET"]}}],"collection":[{"href":"http:\/\/argentinamunicipal.com.ar\/argentina\/wp-json\/wp\/v2\/posts"}],"about":[{"href":"http:\/\/argentinamunicipal.com.ar\/argentina\/wp-json\/wp\/v2\/types\/post"}],"author":[{"embeddable":true,"href":"http:\/\/argentinamunicipal.com.ar\/argentina\/wp-json\/wp\/v2\/users\/2"}],"replies":[{"embeddable":true,"href":"http:\/\/argentinamunicipal.com.ar\/argentina\/wp-json\/wp\/v2\/comments?post=67026"}],"version-history":[{"count":0,"href":"http:\/\/argentinamunicipal.com.ar\/argentina\/wp-json\/wp\/v2\/posts\/67026\/revisions"}],"wp:featuredmedia":[{"embeddable":true,"href":"http:\/\/argentinamunicipal.com.ar\/argentina\/wp-json\/wp\/v2\/media\/67027"}],"wp:attachment":[{"href":"http:\/\/argentinamunicipal.com.ar\/argentina\/wp-json\/wp\/v2\/media?parent=67026"}],"wp:term":[{"taxonomy":"category","embeddable":true,"href":"http:\/\/argentinamunicipal.com.ar\/argentina\/wp-json\/wp\/v2\/categories?post=67026"},{"taxonomy":"post_tag","embeddable":true,"href":"http:\/\/argentinamunicipal.com.ar\/argentina\/wp-json\/wp\/v2\/tags?post=67026"}],"curies":[{"name":"wp","href":"https:\/\/api.w.org\/{rel}","templated":true}]}}